{"id":260923,"date":"2025-07-20T11:05:09","date_gmt":"2025-07-20T11:05:09","guid":{"rendered":"https:\/\/www.europesays.com\/fr\/260923\/"},"modified":"2025-07-20T11:05:09","modified_gmt":"2025-07-20T11:05:09","slug":"aymeric-bonnery-flingue-la-production-de-secret-story-apres-labandon-de-mayer-et-promet-des-revelations-choc","status":"publish","type":"post","link":"https:\/\/www.europesays.com\/fr\/260923\/","title":{"rendered":"Aymeric Bonnery flingue la production de \u00ab\u00a0Secret Story\u00a0\u00bb apr\u00e8s l\u2019abandon de Mayer et promet des r\u00e9v\u00e9lations choc"},"content":{"rendered":"<p>      R\u00e9sum\u00e9<\/p>\n<p>Aymeric Bonnery critique vivement la production de Secret Story suite au d\u00e9part surprenant de Mayer, annon\u00e7ant des r\u00e9v\u00e9lations in\u00e9dites sur les coulisses du programme.<\/p>\n<p>        Sommaire<\/p>\n<p><strong>L&rsquo;abandon de Mayer n&rsquo;en finit plus de faire parler<\/strong>. Ce samedi 19 juillet, le jeune homme au quotient intellectuel hors normes a surpris tout le monde <a href=\"https:\/\/www.public.fr\/secret-story-coup-de-theatre-mayer-abandonne-juste-avant-la-finale\" rel=\"nofollow noopener\" target=\"_blank\">en d\u00e9cidant de quitter Secret Story<\/a> \u00e0 quelques jours de la grande finale. Sur les r\u00e9seaux sociaux, le candidat a d\u00e9clar\u00e9 que <strong>c&rsquo;\u00e9tait son secret qui l&rsquo;avait pouss\u00e9 \u00e0 partir<\/strong>, car celui-ci devenait trop lourd \u00e0 cacher.<\/p>\n<p>\u00ab\u00a0<strong>Mon secret me rattrapait et le soir<\/strong>, je n&rsquo;arrivais pas \u00e0 dormir forc\u00e9ment tr\u00e8s bien tout le temps et donc je cogitais \u00e9norm\u00e9ment. La solution pour moi, malheureusement, \u00e9tait de partir\u00a0\u00bb a ainsi d\u00e9clar\u00e9 Mayer <a href=\"https:\/\/www.public.fr\/mayer-explique-son-abandon-de-secret-story-son-secret-la-pousse-a-bout-je-narrivais-pas-a-dormir\" rel=\"nofollow noopener\" target=\"_blank\">dans une vid\u00e9o qu&rsquo;a post\u00e9e la production<\/a> de Secret Story. <strong>Mais les internautes sont dubitatifs<\/strong>, et l&rsquo;intervention d&rsquo;un ex-participant au programme n&rsquo;a rien arrang\u00e9 !<\/p>\n<p>Mayer confin\u00e9 dans un h\u00f4tel et sous surveillance ?<\/p>\n<p>En effet, <strong>Aymeric Bonnery, qui avait particip\u00e9 \u00e0 la saison 8 de Secret Story<\/strong>, semble garder un souvenir contrast\u00e9 du programme. <a href=\"https:\/\/vsd.fr\/21879-exclusif-leila-ben-khalifa-au-proche-orient-on-ne-ma-jamais-demande-de-changer-ou-de-mhabiller-differemment\/\" rel=\"nofollow noopener\" target=\"_blank\">L&rsquo;ancien compagnon de Le\u00efla Ben Khalifa<\/a>, exclu aux portes de la demi-finale, a profit\u00e9 de l&rsquo;abandon de Mayer pour s&rsquo;en prendre \u00e0 la production. Dans une s\u00e9rie de tweets, l&rsquo;ancien animateur du Mad Mag sur NRJ12 a fait de nombreuses r\u00e9v\u00e9lations choc.<\/p>\n<p>Selon lui, Mayer serait dans un h\u00f4tel avec un agent de s\u00e9curit\u00e9, et n&rsquo;aurait pas encore acquis une v\u00e9ritable libert\u00e9. Dans un tweet massivement relay\u00e9, l&rsquo;ancien candidat a balanc\u00e9 : <strong>\u00ab\u00a0Mayer est actuellement dans un h\u00f4tel avec un vigile tout ce qu\u2019il dit est pr\u00e9par\u00e9 voire dict\u00e9&#8230; Ne vous fiez pas \u00e0 cela\u00a0\u00bb<\/strong>. Des confidences qui ont tr\u00e8s vite fait le buzz, et qu&rsquo;il a r\u00e9affirm\u00e9es dans un Space auquel il a particip\u00e9 par \u00e9crit.<\/p>\n<blockquote class=\"twitter-tweet\">\n<p>Mayer est actuellement dans un h\u00f4tel avec un vigile tout ce qu\u2019il dit est pr\u00e9par\u00e9 voir dict\u00e9 .. ne vous fiez pas \u00e0 cela<\/p>\n<p>\u2014 Aymeric Bonnery (@AymericBonnery) <a href=\"https:\/\/twitter.com\/AymericBonnery\/status\/1946678506810695786?ref_src=twsrc%5Etfw\" rel=\"nofollow noopener\" target=\"_blank\">July 19, 2025<\/a><\/p><\/blockquote>\n<p>Aymeric Bonnery promet de lourdes r\u00e9v\u00e9lations \u00e0 18 heures<\/p>\n<p>Questionn\u00e9 sur les coulisses du programme lors de ce Space, Aymeric Bonnery a affirm\u00e9 que<strong> \u00ab\u00a0les candidats inutiles \u00e9taient maintenus sous assistance respiratoire\u00a0\u00bb<\/strong> par la production. Pour ce faire, celle-ci leur confierait \u00ab\u00a0des missions inutiles\u00a0\u00bb pour les garder \u00ab\u00a0sous perfusion\u00a0\u00bb. Il a ainsi cibl\u00e9 A\u00efmed, qui a eu de nombreuses missions&#8230; A l&rsquo;inverse, <strong>\u00ab\u00a0les candidats populaires n&rsquo;ont pas de mission\u00a0\u00bb<\/strong>, comme notamment Mayer&#8230;<\/p>\n<p>Ce dimanche \u00e0 18 heures, Aymeric Bonnery a donn\u00e9 rendez-vous aux fans de Secret Story. Il accordera une interview exclusive <strong>au journaliste ind\u00e9pendant Cl\u00e9ment Garin<\/strong>, dans un Space propos\u00e9 sur X. \u00ab\u00a0C\u2019est fait demain dimanche \u00e0 18h live avec @clem_garin je dirais tout sur Mayer\u00a0\u00bb a tweet\u00e9 l&rsquo;ancien candidat. \u00c7a va chauffer !<\/p>\n<p>      Mentionn\u00e9s dans cet article<\/p>\n<p>\u00c0 lire aussi<\/p>\n<p><script async src=\"https:\/\/platform.twitter.com\/widgets.js\" charset=\"utf-8\"><\/script><\/p>\n","protected":false},"excerpt":{"rendered":"R\u00e9sum\u00e9 Aymeric Bonnery critique vivement la production de Secret Story suite au d\u00e9part surprenant de Mayer, annon\u00e7ant des&hellip;\n","protected":false},"author":2,"featured_media":260924,"comment_status":"","ping_status":"","sticky":false,"template":"","format":"standard","meta":{"footnotes":""},"categories":[1356],"tags":[40083,12232,58,34599,59,1011,27,22247,1062,29901,252,1364,6814],"class_list":{"0":"post-260923","1":"post","2":"type-post","3":"status-publish","4":"format-standard","5":"has-post-thumbnail","7":"category-television","8":"tag-aymeric-bonnery","9":"tag-clash","10":"tag-divertissement","11":"tag-endemol","12":"tag-entertainment","13":"tag-fr","14":"tag-france","15":"tag-mayer","16":"tag-polemique","17":"tag-secret-story","18":"tag-television","19":"tag-tv","20":"tag-twitter"},"share_on_mastodon":{"url":"https:\/\/pubeurope.com\/@fr\/114885238723452684","error":""},"_links":{"self":[{"href":"https:\/\/www.europesays.com\/fr\/wp-json\/wp\/v2\/posts\/260923","targetHints":{"allow":["GET"]}}],"collection":[{"href":"https:\/\/www.europesays.com\/fr\/wp-json\/wp\/v2\/posts"}],"about":[{"href":"https:\/\/www.europesays.com\/fr\/wp-json\/wp\/v2\/types\/post"}],"author":[{"embeddable":true,"href":"https:\/\/www.europesays.com\/fr\/wp-json\/wp\/v2\/users\/2"}],"replies":[{"embeddable":true,"href":"https:\/\/www.europesays.com\/fr\/wp-json\/wp\/v2\/comments?post=260923"}],"version-history":[{"count":0,"href":"https:\/\/www.europesays.com\/fr\/wp-json\/wp\/v2\/posts\/260923\/revisions"}],"wp:featuredmedia":[{"embeddable":true,"href":"https:\/\/www.europesays.com\/fr\/wp-json\/wp\/v2\/media\/260924"}],"wp:attachment":[{"href":"https:\/\/www.europesays.com\/fr\/wp-json\/wp\/v2\/media?parent=260923"}],"wp:term":[{"taxonomy":"category","embeddable":true,"href":"https:\/\/www.europesays.com\/fr\/wp-json\/wp\/v2\/categories?post=260923"},{"taxonomy":"post_tag","embeddable":true,"href":"https:\/\/www.europesays.com\/fr\/wp-json\/wp\/v2\/tags?post=260923"}],"curies":[{"name":"wp","href":"https:\/\/api.w.org\/{rel}","templated":true}]}}