{"id":260929,"date":"2025-07-20T11:08:10","date_gmt":"2025-07-20T11:08:10","guid":{"rendered":"https:\/\/www.europesays.com\/fr\/260929\/"},"modified":"2025-07-20T11:08:10","modified_gmt":"2025-07-20T11:08:10","slug":"les-medecines-douces-ne-presentent-aucun-danger-vrai-ou-faux","status":"publish","type":"post","link":"https:\/\/www.europesays.com\/fr\/260929\/","title":{"rendered":"Les m\u00e9decines douces ne pr\u00e9sentent aucun danger : vrai ou faux ?"},"content":{"rendered":"<p>&#13;<br \/>\n    <img loading=\"lazy\" decoding=\"async\" src=\"https:\/\/www.europesays.com\/fr\/wp-content\/uploads\/2025\/07\/medecine-douce-182859.jpg\" width=\"650\" height=\"325\" alt=\"Les m&#xE9;decines douces ne pr&#xE9;sentent aucun danger : vrai ou faux ?\"\/>&#13;<\/p>\n<p>&#13;<br \/>\n    On appelle <b>m\u00e9decines douces, ou m\u00e9decines non conventionnelles<\/b>, les pratiques d\u2019ordre m\u00e9dicinal qui ont pour but de soigner sans utiliser de mol\u00e9cules chimiques, mais \u00e0 l\u2019aide de plantes ou de th\u00e9rapies manuelles par exemple. C\u2019est pourquoi on parle le plus souvent de <b>m\u00e9decines naturelles<\/b>. Mais qui dit naturel, ne veut pas dire sans effets ind\u00e9sirables et une certaine toxicit\u00e9 pour la sant\u00e9, comme l\u2019indique le minist\u00e8re de la Sant\u00e9, d\u2019autant que les r\u00e9sultats des m\u00e9decines douces n\u2019ont pas \u00e9t\u00e9 \u00e9valu\u00e9s scientifiquement contrairement aux pratiques de la m\u00e9decine conventionnelle.&#13;\n<\/p>\n<p>&#13;<br \/>\n    Si les sympt\u00f4mes de certaines pathologies peuvent \u00eatre malgr\u00e9 tout soulag\u00e9s gr\u00e2ce \u00e0 des m\u00e9decines douces, qui pr\u00e9sentent donc un int\u00e9r\u00eat dans l\u2019accompagnement des malades, certaines de ces m\u00e9decines non conventionnelles posent question en raison des d\u00e9rives th\u00e9rapeutiques constat\u00e9es, voire parfois le danger pour les patients de tomber dans le pi\u00e8ge de sectes.&#13;\n<\/p>\n<p>&#13;<br \/>\n    Ce que disent les autorit\u00e9s sanitaires sur la dangerosit\u00e9 ou non des m\u00e9decines douces&#13;<\/p>\n<p>&#13;<br \/>\n    Comme le rappelle le minist\u00e8re de la Sant\u00e9, les m\u00e9decines douces, aussi appel\u00e9es m\u00e9decines alternatives ou m\u00e9decines naturelles, ne sont pas reconnues scientifiquement par la m\u00e9decine conventionnelle, ni enseign\u00e9es lors de la formation initiale des professionnels de sant\u00e9.&#13;\n<\/p>\n<p>&#13;<br \/>\n    On parle l\u00e0 de pratiques telles que par exemple l\u2019ost\u00e9opathie, l\u2019hom\u00e9opathie, la <a href=\"https:\/\/lemagdusenior.ouest-france.fr\/dossier-227-chiropraxie-soulager-lombalgies.html\" rel=\"nofollow noopener\" target=\"_blank\">chiropraxie<\/a>, l\u2019hypnose, la m\u00e9ditation, la m\u00e9soth\u00e9rapie, l\u2019auriculoth\u00e9rapie, l\u2019<a href=\"https:\/\/lemagdusenior.ouest-france.fr\/dossier-1229-acupuncture.html\" rel=\"nofollow noopener\" target=\"_blank\">acupuncture<\/a>, la biologie totale, la bior\u00e9sonance, la phytoth\u00e9rapie, la th\u00e9rapie nutritionnelle, la <a href=\"https:\/\/lemagdusenior.ouest-france.fr\/dossier-2024-reflexologie-bienfaits.html\" rel=\"nofollow noopener\" target=\"_blank\">r\u00e9flexologie<\/a>, la naturopathie, l\u2019aromath\u00e9rapie, la sophrologie, le qi gong, le ta\u00ef-chi, etc. Il existe de tr\u00e8s nombreux types de m\u00e9decine douce : l\u2019Organisation mondiale de la sant\u00e9 (OMS) en recense ainsi environ 400.&#13;\n<\/p>\n<p>&#13;<br \/>\n    Par d\u00e9finition, les m\u00e9decines douces n\u2019ont pas fait l\u2019objet d\u2019\u00e9tudes scientifiques ou d\u2019essais cliniques qui prouvent leur r\u00e9elle efficacit\u00e9, \u00e0 l\u2019inverse de la m\u00e9decine conventionnelle. \u00c0 l\u2019exception de l\u2019acupuncture, de l\u2019ost\u00e9opathie, de la chiropraxie et de formations dispens\u00e9es dans certaines universit\u00e9s, aucun dipl\u00f4me national n\u2019est requis pour leur pratique.&#13;\n<\/p>\n<p>&#13;<br \/>\n    Les m\u00e9decines douces ont le vent en poupe en France depuis de nombreuses ann\u00e9es d\u00e9j\u00e0 et se d\u00e9veloppent notamment dans les secteurs du bien-\u00eatre, de la nutrition, ou encore de l\u2019apparence esth\u00e9tique. La moiti\u00e9 des Fran\u00e7ais y auraient ainsi recours notamment parce que les m\u00e9decines douces permettraient de recevoir des soins moins standardis\u00e9s et plus personnalis\u00e9s que la m\u00e9decine conventionnelle. Mais la connaissance de ces pratiques est encore insuffisante pour suffisamment jauger leurs r\u00e9sultats et montrer leur dangerosit\u00e9 ou non.&#13;\n<\/p>\n<p>&#13;<br \/>\n    N\u00e9anmoins, il est admis que certaines de ces m\u00e9decines alternatives peuvent \u00eatre utiles en compl\u00e9ment de traitements prodigu\u00e9s par la m\u00e9decine conventionnelle car <b>elles peuvent agir positivement sur certains sympt\u00f4mes<\/b>, m\u00eame si leur efficacit\u00e9 n\u2019est pas prouv\u00e9e scientifiquement.&#13;\n<\/p>\n<p>&#13;<br \/>\n    Selon le minist\u00e8re de la Sant\u00e9 toujours, d\u2019autres m\u00e9decines douces ne s\u2019av\u00e8rent pas r\u00e9ellement efficaces pour traiter les sympt\u00f4mes de certaines pathologies mais ne pr\u00e9sentent, en revanche, aucun risque pour la sant\u00e9 des patients.&#13;\n<\/p>\n<p>&#13;<br \/>\n    N\u00e9anmoins, en particulier pour les patients atteints d\u2019une maladie grave comme le cancer par exemple, avoir recours en premier lieu \u00e0 ces m\u00e9decines alternatives peut avoir pour cons\u00e9quence le <b>retard de la prise en charge de leur pathologie par la m\u00e9decine conventionnelle<\/b> et donc une diminution des chances de gu\u00e9rison.&#13;\n<\/p>\n<p>&#13;<br \/>\n    Enfin, les autorit\u00e9s sanitaires indiquent que d\u2019autres m\u00e9decines douces ont bel et bien des effets nocifs sur la sant\u00e9 et qu\u2019elles doivent absolument \u00eatre \u00e9vit\u00e9es.&#13;\n<\/p>\n<p>&#13;<br \/>\n    D\u2019une mani\u00e8re g\u00e9n\u00e9rale, il faut savoir que m\u00eame si certaines m\u00e9decines douces se pr\u00e9sentent comme des pratiques naturelles, cela ne veut pas forc\u00e9ment dire qu\u2019elles ne sont pas sans effets secondaires sur la sant\u00e9. Ces derniers sont en plus mal connus, comme l\u2019indique le minist\u00e8re de la Sant\u00e9 : \u00ab\u00a0il n\u2019y a pas eu d\u2019\u00e9valuation rigoureuse pr\u00e9alable \u00e0 leur emploi, et peu ou pas de donn\u00e9es publi\u00e9es. De plus, les professionnels qui utilisent ces PSNC [les pratiques de soins dites non conventionnelles] ne d\u00e9clarent pas ces effets ind\u00e9sirables\u00a0\u00bb.&#13;\n<\/p>\n<p>&#13;<br \/>\n    Certaines m\u00e9decines douces point\u00e9es du doigt pour leurs d\u00e9rives th\u00e9rapeutiques ou sectaires&#13;<\/p>\n<p>&#13;<br \/>\n    M\u00eame si une partie des m\u00e9decines douces ont des effets positifs sur les sympt\u00f4mes de certaines maladies, d\u2019autres, en revanche, sont point\u00e9es du doigt parce qu\u2019elles peuvent mettre en danger la sant\u00e9 des patients, et m\u00eame menacer l\u2019int\u00e9grit\u00e9 des personnes quand leur fonctionnement s\u2019apparente \u00e0 celui de sectes.&#13;\n<\/p>\n<p>&#13;<br \/>\n    Des d\u00e9rives th\u00e9rapeutiques possibles&#13;<\/p>\n<p>&#13;<br \/>\n    Un r\u00e9cent rapport publi\u00e9 par l\u2019Ordre des m\u00e9decins a alert\u00e9 sur l\u2019urgence d\u2019encadrer et de contr\u00f4ler les m\u00e9decines douces dans le but de limiter les \u00e9ventuels dangers pour la sant\u00e9 et ce que l\u2019organisme appelle des d\u00e9rives th\u00e9rapeutiques.&#13;\n<\/p>\n<p>&#13;<br \/>\n    Ces derni\u00e8res peuvent prendre la forme d\u2019<b>une mise en danger du patient en particulier quand une m\u00e9decine douce est propos\u00e9e en remplacement de la m\u00e9decine conventionnelle<\/b>, d\u2019une perte de chance de gu\u00e9rison, d\u2019un abus de faiblesse, ou encore d\u2019une escroquerie par exemple.&#13;\n<\/p>\n<p>&#13;<br \/>\n    Dans son rapport, l\u2019Ordre des m\u00e9decins mentionne un certain nombre de m\u00e9decines douces qui interrogent sur leur efficacit\u00e9 et qui peuvent pr\u00e9senter l\u2019un de ces risques, dont par exemple les suivantes :&#13;\n<\/p>\n<ul>&#13;<\/p>\n<li>l\u2019aromath\u00e9rapie (th\u00e9rapie par les huiles essentielles)<\/li>\n<p>&#13;<\/p>\n<li>l\u2019apith\u00e9rapie (th\u00e9rapie par les piq\u00fbres d\u2019abeilles)<\/li>\n<p>&#13;<\/p>\n<li>l\u2019auriculoth\u00e9rapie (acuponcture des oreilles)<\/li>\n<p>&#13;<\/p>\n<li>l\u2019haptonomie (communication intra-ut\u00e9rine avec le futur b\u00e9b\u00e9)<\/li>\n<p>&#13;<\/p>\n<li>la lithoth\u00e9rapie (th\u00e9rapie par les pierres)<\/li>\n<p>&#13;<\/p>\n<li>la sylvoth\u00e9rapie (th\u00e9rapie par les arbres)<\/li>\n<p>&#13;<\/p>\n<li>la <a href=\"https:\/\/lemagdusenior.ouest-france.fr\/dossier-800-gemmotherapie-interet-sante.html\" rel=\"nofollow noopener\" target=\"_blank\">gemmoth\u00e9rapie<\/a> (mode de traitement hom\u00e9opathique \u00e0 base de dilutions de jeunes pousses de v\u00e9g\u00e9taux et de bourgeons)<\/li>\n<p>&#13;<\/p>\n<li>la kin\u00e9siologie (th\u00e9rapie bas\u00e9e sur l&rsquo;\u00e9tude du tonus musculaire).<\/li>\n<p>&#13;\n<\/ul>\n<p>&#13;<br \/>\n    Les d\u00e9rives sectaires de certains praticiens de m\u00e9decines douces&#13;<\/p>\n<p>&#13;<br \/>\n    Si certaines m\u00e9decines douces peuvent s\u2019av\u00e9rer \u00eatre dangereuses pour la sant\u00e9 physique des patients, d\u2019autres sont point\u00e9es du doigt pour leur d\u00e9rive sectaire et donc sur leur emprise mentale, psychologique, et parfois physique, qu\u2019elles exercent sur les personnes qui viennent consulter.&#13;\n<\/p>\n<p>&#13;<br \/>\n    Un danger sur lequel alerte notamment la Mission interminist\u00e9rielle de vigilance et de lutte contre les d\u00e9rives sectaires (Miviludes) et qui indique : \u00ab\u00a0Les dangers et les d\u00e9rives du march\u00e9 alternatif de la gu\u00e9rison et du bien-\u00eatre tiennent notamment \u00e0 l\u2019absence d\u2019\u00e9valuation ind\u00e9pendante et rigoureuse des m\u00e9thodes et des formations qui excluent explicitement ou de fait les traitements m\u00e9dicaux conventionnels\u00a0\u00bb.&#13;\n<\/p>\n<p>&#13;<br \/>\n    Parmi ces m\u00e9decines douces dangereuses pour leur d\u00e9rive sectaire, la Miviludes cite notamment celles qui touchent plus particuli\u00e8rement \u00e0 la nutrition, \u00e0 la prise en charge des troubles psychologiques li\u00e9s \u00e0 l\u2019enfance, mais d\u2019une mani\u00e8re g\u00e9n\u00e9rale toutes les m\u00e9thodes non conventionnelles de psychoth\u00e9rapie, les th\u00e9rapies par massage ou apposition des mains, celles qui disent combattre des maladies par l\u2019ingestion de substances diverses, par r\u00e9\u00e9quilibrage de l\u2019\u00e9nergie, ou en lien avec le d\u00e9veloppement personnel, tout comme les m\u00e9decines douces qui s\u2019adressent particuli\u00e8rement aux personnes vuln\u00e9rables comme les personnes \u00e2g\u00e9es ou handicap\u00e9es, ou encore aux patients en fin de vie.&#13;\n<\/p>\n<p>&#13;<br \/>\n    Des m\u00e9decines douces qui pr\u00f4nent \u00e9galement souvent le refus de soins, de vaccination obligatoire, etc., et s\u2019av\u00e8rent donc dangereuses pour la sant\u00e9 mentale, mais aussi physique des patients.&#13;<\/p>\n","protected":false},"excerpt":{"rendered":"&#13; &#13; &#13; On appelle m\u00e9decines douces, ou m\u00e9decines non conventionnelles, les pratiques d\u2019ordre m\u00e9dicinal qui ont pour&hellip;\n","protected":false},"author":2,"featured_media":260930,"comment_status":"","ping_status":"","sticky":false,"template":"","format":"standard","meta":{"footnotes":""},"categories":[10],"tags":[1011,27,72,71],"class_list":{"0":"post-260929","1":"post","2":"type-post","3":"status-publish","4":"format-standard","5":"has-post-thumbnail","7":"category-sante","8":"tag-fr","9":"tag-france","10":"tag-health","11":"tag-sante"},"share_on_mastodon":{"url":"https:\/\/pubeurope.com\/@fr\/114885250675941026","error":""},"_links":{"self":[{"href":"https:\/\/www.europesays.com\/fr\/wp-json\/wp\/v2\/posts\/260929","targetHints":{"allow":["GET"]}}],"collection":[{"href":"https:\/\/www.europesays.com\/fr\/wp-json\/wp\/v2\/posts"}],"about":[{"href":"https:\/\/www.europesays.com\/fr\/wp-json\/wp\/v2\/types\/post"}],"author":[{"embeddable":true,"href":"https:\/\/www.europesays.com\/fr\/wp-json\/wp\/v2\/users\/2"}],"replies":[{"embeddable":true,"href":"https:\/\/www.europesays.com\/fr\/wp-json\/wp\/v2\/comments?post=260929"}],"version-history":[{"count":0,"href":"https:\/\/www.europesays.com\/fr\/wp-json\/wp\/v2\/posts\/260929\/revisions"}],"wp:featuredmedia":[{"embeddable":true,"href":"https:\/\/www.europesays.com\/fr\/wp-json\/wp\/v2\/media\/260930"}],"wp:attachment":[{"href":"https:\/\/www.europesays.com\/fr\/wp-json\/wp\/v2\/media?parent=260929"}],"wp:term":[{"taxonomy":"category","embeddable":true,"href":"https:\/\/www.europesays.com\/fr\/wp-json\/wp\/v2\/categories?post=260929"},{"taxonomy":"post_tag","embeddable":true,"href":"https:\/\/www.europesays.com\/fr\/wp-json\/wp\/v2\/tags?post=260929"}],"curies":[{"name":"wp","href":"https:\/\/api.w.org\/{rel}","templated":true}]}}