{"id":260941,"date":"2025-07-20T11:14:10","date_gmt":"2025-07-20T11:14:10","guid":{"rendered":"https:\/\/www.europesays.com\/fr\/260941\/"},"modified":"2025-07-20T11:14:10","modified_gmt":"2025-07-20T11:14:10","slug":"nuit-de-violences-un-appartement-incendie-par-un-tir-de-mortier","status":"publish","type":"post","link":"https:\/\/www.europesays.com\/fr\/260941\/","title":{"rendered":"nuit de violences, un appartement incendi\u00e9 par un tir de mortier"},"content":{"rendered":"<p>Une cinquantaine de jeunes ont tendu un guet-apens \u00e0 la police, \u00e0 la suite de plusieurs interpellations et saisies pour lutter contre le narcotrafic.<\/p>\n<p class=\"fig-paragraph\">Dans la nuit de samedi \u00e0 dimanche dans un quartier sensible de\u00a0<a href=\"http:\/\/www.lefigaro.fr\/faits-divers\/beziers-un-adolescent-de-16-ans-tue-lors-d-une-agression-au-couteau-pres-d-un-centre-commercial-20240814\" data-fig-type=\"NewsFlash\" data-gtm-custom-categorie=\"navigation\" data-gtm-custom-action=\"crossclick\" data-gtm-custom-label=\"Contextuel\" data-gtm-event=\"customEventSPE\" data-fig-domain=\"LEFIGARO\" target=\"_blank\" rel=\"noopener\">B\u00e9ziers<\/a>, une cinquantaine d\u2019individus ont tenu un guet-apens \u00e0 la police, indique des sources polici\u00e8res. Un appartement a \u00e9t\u00e9 incendi\u00e9 en pr\u00e9sence de son occupante apr\u00e8s un tir de mortier d&rsquo;artifice.<\/p>\n<p class=\"fig-body-link\">\n            \u00c0 lire aussi<br \/>\n        <a class=\"fig-body-link__link fig-premium-mark\" href=\"http:\/\/www.lefigaro.fr\/vox\/politique\/l-editorial-de-vincent-tremolet-de-villers-ce-que-dit-le-narcotrafic-de-l-affaissement-de-la-france-20250429\" data-fig-type=\"Article\" data-gtm-custom-categorie=\"navigation\" data-gtm-custom-action=\"crossclick\" data-gtm-custom-label=\"Contextuel\" data-gtm-event=\"customEventSPE\" data-fig-domain=\"LEFIGARO\" target=\"_blank\" rel=\"noopener\">L\u2019\u00e9ditorial de Vincent Tr\u00e9molet de Villers\u00a0: \u00ab\u00a0Ce que dit le narcotrafic de l\u2019affaissement de la France\u00a0\u00bb<br \/>\n    <\/a>\n<\/p>\n<p>\u00abGuet-apens\u00bb<\/p>\n<p class=\"fig-paragraph\">Les faits se sont d\u00e9roul\u00e9s dans le quartier de La Dev\u00e8ze, aux alentours d\u2019une heure du matin. Selon le commissaire Eric Agniel, de la direction interd\u00e9partementale de la police nationale,\u00a0<a href=\"https:\/\/www.lefigaro.fr\/actualite-france\/guet-apens-agressions-la-contagion-de-la-violence-en-banlieue-inquiete-la-police-20200421\" data-fig-type=\"Article\" data-gtm-custom-categorie=\"navigation\" data-gtm-custom-action=\"crossclick\" data-gtm-custom-label=\"Contextuel\" data-gtm-event=\"customEventSPE\" data-fig-domain=\"LEFIGARO\" target=\"_blank\" rel=\"noopener\">\u00abun guet-apens\u00bb a \u00e9t\u00e9 organis\u00e9 par les narcotrafiquants<\/a>\u00a0en r\u00e9action \u00e0 \u00abplusieurs interpellations et saisies de drogues depuis quelques jours dans ce quartier de la Dev\u00e8ze\u00bb. \u00abIls ont contact\u00e9 eux-m\u00eames les pompiers pour un feu de poubelle (et) ils \u00e9taient pr\u00e8s d\u2019une cinquantaine, dont certains sur les toits des immeubles\u00bb, \u00e0 leur arriv\u00e9e. \u00c0 l\u2019appel des pompiers, plusieurs membres de la brigade anticriminalit\u00e9 se sont alors rendus sur place \u00abavant de se faire pi\u00e9ger par des individus\u00bb, a expliqu\u00e9 le commissaire Agniel, selon qui \u00abl\u2019\u00e9meute a finalement \u00e9t\u00e9 stopp\u00e9e suite \u00e0 l\u2019embrasement de l\u2019appartement\u00bb.<\/p>\n<p>                                    <a class=\"fig-a11y-skip a11y-hidden\" href=\"#fig-a11y-skip-main-inarticle\"><br \/>\n        Passer la publicit\u00e9<br \/>\n    <\/a><\/p>\n<p>Un policier l\u00e9g\u00e8rement bless\u00e9<\/p>\n<p class=\"fig-paragraph\">L\u2019un des mortiers d\u2019artifice tir\u00e9 \u00aba embras\u00e9 un appartement et a n\u00e9cessit\u00e9 le sauvetage au moyen de l&rsquo;\u00e9chelle d&rsquo;une personne bloqu\u00e9e au 4e et d&rsquo;autres personnes r\u00e9fugi\u00e9es sur le toit. Les secours ont d\u00fb intervenir dans une situation tendue, sous protection des forces de s\u00e9curit\u00e9 int\u00e9rieure\u00bb, ont pr\u00e9cis\u00e9 les sapeurs-pompiers de l&rsquo;H\u00e9rault. Le sinistre a totalement d\u00e9truit l&rsquo;appartement de 130 m2, qui appartenait \u00e0 une personne \u00e2g\u00e9e, sans faire d&rsquo;autre victime que le chat de l&rsquo;occupante.<\/p>\n<p class=\"fig-paragraph\">Toujours selon le commissaire Agniel, un policier a \u00e9t\u00e9 l\u00e9g\u00e8rement bless\u00e9 au mollet par un tir de mortier. Onze personnes ont \u00e9t\u00e9 \u00e9vacu\u00e9es de l&rsquo;immeuble mais aucune interpellation n&rsquo;a eu lieu.<\/p>\n","protected":false},"excerpt":{"rendered":"Une cinquantaine de jeunes ont tendu un guet-apens \u00e0 la police, \u00e0 la suite de plusieurs interpellations et&hellip;\n","protected":false},"author":2,"featured_media":260942,"comment_status":"","ping_status":"","sticky":false,"template":"","format":"standard","meta":{"footnotes":""},"categories":[4],"tags":[11,37552,1011,27,12,25],"class_list":{"0":"post-260941","1":"post","2":"type-post","3":"status-publish","4":"format-standard","5":"has-post-thumbnail","7":"category-france","8":"tag-actualites","9":"tag-beziers","10":"tag-fr","11":"tag-france","12":"tag-news","13":"tag-republique-francaise"},"share_on_mastodon":{"url":"https:\/\/pubeurope.com\/@fr\/114885274118397400","error":""},"_links":{"self":[{"href":"https:\/\/www.europesays.com\/fr\/wp-json\/wp\/v2\/posts\/260941","targetHints":{"allow":["GET"]}}],"collection":[{"href":"https:\/\/www.europesays.com\/fr\/wp-json\/wp\/v2\/posts"}],"about":[{"href":"https:\/\/www.europesays.com\/fr\/wp-json\/wp\/v2\/types\/post"}],"author":[{"embeddable":true,"href":"https:\/\/www.europesays.com\/fr\/wp-json\/wp\/v2\/users\/2"}],"replies":[{"embeddable":true,"href":"https:\/\/www.europesays.com\/fr\/wp-json\/wp\/v2\/comments?post=260941"}],"version-history":[{"count":0,"href":"https:\/\/www.europesays.com\/fr\/wp-json\/wp\/v2\/posts\/260941\/revisions"}],"wp:featuredmedia":[{"embeddable":true,"href":"https:\/\/www.europesays.com\/fr\/wp-json\/wp\/v2\/media\/260942"}],"wp:attachment":[{"href":"https:\/\/www.europesays.com\/fr\/wp-json\/wp\/v2\/media?parent=260941"}],"wp:term":[{"taxonomy":"category","embeddable":true,"href":"https:\/\/www.europesays.com\/fr\/wp-json\/wp\/v2\/categories?post=260941"},{"taxonomy":"post_tag","embeddable":true,"href":"https:\/\/www.europesays.com\/fr\/wp-json\/wp\/v2\/tags?post=260941"}],"curies":[{"name":"wp","href":"https:\/\/api.w.org\/{rel}","templated":true}]}}