{"id":260944,"date":"2025-07-20T11:16:11","date_gmt":"2025-07-20T11:16:11","guid":{"rendered":"https:\/\/www.europesays.com\/fr\/260944\/"},"modified":"2025-07-20T11:16:11","modified_gmt":"2025-07-20T11:16:11","slug":"loire-apres-des-incendies-volontaires-aux-echandes-un-rien-peut-suffire","status":"publish","type":"post","link":"https:\/\/www.europesays.com\/fr\/260944\/","title":{"rendered":"Loire. Apr\u00e8s des incendies volontaires aux Echandes\u00a0: un rien \u00ab\u00a0peut suffire\u00a0\u00bb"},"content":{"rendered":"<p>Le myst\u00e8re plane toujours autour d\u2019une s\u00e9rie d\u2019incendies volontaires survenus aux Echandes samedi 28\u00a0juin, pr\u00e8s du hameau o\u00f9 un mariage \u00e9tait c\u00e9l\u00e9br\u00e9. Ce jour-l\u00e0, quatre d\u00e9parts de feux ont \u00e9t\u00e9 constat\u00e9s toutes les deux heures entre 14\u00a0h\u00a015 et 20\u00a0h\u00a030 (lire par ailleurs). Difficile \u00e0 ce stade de d\u00e9terminer le mobile du ou des fauteurs de troubles. L\u2019enqu\u00eate de police est toujours en cours.<\/p>\n<p>\u00ab\u00a0Surprenant et d\u00e9licat\u00a0\u00bb<\/p>\n<p>Cela reste \u00ab\u00a0surprenant\u00a0\u00bb, \u00ab\u00a0d\u00e9licat\u00a0\u00bb, commente apr\u00e8s coup S\u00e9bastien Arnaud, directeur du Syndicat mixte des gorges de la Loire (Smagl), propri\u00e9taire du hameau des Echandes. Ces incendies se sont produits la veille du sinistre qui a touch\u00e9 \u00ab\u00a0des landes tr\u00e8s s\u00e8ches\u00a0\u00bb de la colline du Dorier, au niveau du chemin coupe-feu, qui a mobilis\u00e9&#8230;<\/p>\n","protected":false},"excerpt":{"rendered":"Le myst\u00e8re plane toujours autour d\u2019une s\u00e9rie d\u2019incendies volontaires survenus aux Echandes samedi 28\u00a0juin, pr\u00e8s du hameau o\u00f9&hellip;\n","protected":false},"author":2,"featured_media":260945,"comment_status":"","ping_status":"","sticky":false,"template":"","format":"standard","meta":{"footnotes":""},"categories":[9653],"tags":[1111,11,2430,7539,1777,674,274,107,1011,27,1310,3367,12,25,4001,14024,14025],"class_list":{"0":"post-260944","1":"post","2":"type-post","3":"status-publish","4":"format-standard","5":"has-post-thumbnail","7":"category-saint-etienne","8":"tag-actu","9":"tag-actualites","10":"tag-auvergne-rhone-alpes","11":"tag-edition-loire-sud","12":"tag-eu","13":"tag-europe","14":"tag-faits-divers-justice","15":"tag-fil-info","16":"tag-fr","17":"tag-france","18":"tag-incendie","19":"tag-loire","20":"tag-news","21":"tag-republique-francaise","22":"tag-saint-etienne","23":"tag-unieux","24":"tag-unieux-bassin"},"share_on_mastodon":{"url":"https:\/\/pubeurope.com\/@fr\/114885281933627869","error":""},"_links":{"self":[{"href":"https:\/\/www.europesays.com\/fr\/wp-json\/wp\/v2\/posts\/260944","targetHints":{"allow":["GET"]}}],"collection":[{"href":"https:\/\/www.europesays.com\/fr\/wp-json\/wp\/v2\/posts"}],"about":[{"href":"https:\/\/www.europesays.com\/fr\/wp-json\/wp\/v2\/types\/post"}],"author":[{"embeddable":true,"href":"https:\/\/www.europesays.com\/fr\/wp-json\/wp\/v2\/users\/2"}],"replies":[{"embeddable":true,"href":"https:\/\/www.europesays.com\/fr\/wp-json\/wp\/v2\/comments?post=260944"}],"version-history":[{"count":0,"href":"https:\/\/www.europesays.com\/fr\/wp-json\/wp\/v2\/posts\/260944\/revisions"}],"wp:featuredmedia":[{"embeddable":true,"href":"https:\/\/www.europesays.com\/fr\/wp-json\/wp\/v2\/media\/260945"}],"wp:attachment":[{"href":"https:\/\/www.europesays.com\/fr\/wp-json\/wp\/v2\/media?parent=260944"}],"wp:term":[{"taxonomy":"category","embeddable":true,"href":"https:\/\/www.europesays.com\/fr\/wp-json\/wp\/v2\/categories?post=260944"},{"taxonomy":"post_tag","embeddable":true,"href":"https:\/\/www.europesays.com\/fr\/wp-json\/wp\/v2\/tags?post=260944"}],"curies":[{"name":"wp","href":"https:\/\/api.w.org\/{rel}","templated":true}]}}