{"id":260946,"date":"2025-07-20T11:17:25","date_gmt":"2025-07-20T11:17:25","guid":{"rendered":"https:\/\/www.europesays.com\/fr\/260946\/"},"modified":"2025-07-20T11:17:25","modified_gmt":"2025-07-20T11:17:25","slug":"championnats-dathletisme-avenir-du-18-au-20-juillet-a-st-etienne","status":"publish","type":"post","link":"https:\/\/www.europesays.com\/fr\/260946\/","title":{"rendered":"CHAMPIONNATS D&rsquo;ATHL\u00c9TISME AVENIR DU 18 AU 20 JUILLET \u00c0 ST-\u00c9TIENNE"},"content":{"rendered":"<p>                <a href=\"https:\/\/cadenceradio.fr\" target=\"_blank\" aria-label=\"Banni\u00e8re Cadence 2025\" rel=\"nofollow noopener\"><img loading=\"lazy\" decoding=\"async\" src=\"https:\/\/www.europesays.com\/fr\/wp-content\/uploads\/2025\/07\/Banniere-Cadence-2025-scaled.jpg\" alt=\"\"   width=\"2560\" height=\"738\"\/><\/a><\/p>\n<p>Le Coquelicot 42 a relev\u00e9 un pari audacieux en organisant ces championnats nationaux. Contrairement \u00e0 l\u2019\u00e9dition \u00c9lite de 2019 port\u00e9e par la F\u00e9d\u00e9ration, cette organisation repose enti\u00e8rement sur les \u00e9paules du club local et son budget propre. <\/p>\n<p>Le championnat d\u2019athl\u00e9tisme avenir de Saint-\u00c9tienne c\u2019est plus de 150 b\u00e9n\u00e9voles se relaient de 7h \u00e0 23h pendant trois jours pour faire fonctionner cette m\u00e9canique complexe. Gestion de buvette, installation d\u2019\u00e9quipements, v\u00e9rifications multiples\u2026 chaque d\u00e9tail compte pour la r\u00e9ussite de l\u2019\u00e9v\u00e9nement.<\/p>\n<p>Les services municipaux ne sont pas en reste avec une cinquantaine d\u2019agents mobilis\u00e9s depuis plus d\u2019une semaine pour installer chapiteaux, barnums et mobilier. S\u2019y ajoutent les vingt agents du service des sports et l\u2019\u00e9quipe du stade Henri-Lux.<\/p>\n<p><strong>H\u00f4tellerie en effervescence<\/strong><\/p>\n<p>Les chiffres donnent le vertige : deux semi-remorques de mat\u00e9riel, une tonne de frites command\u00e9e, barnums d\u00e9ploy\u00e9s \u00e0 perte de vue. L\u2019impact \u00e9conomique se ressent imm\u00e9diatement sur l\u2019h\u00e9bergement local. La plupart des \u00e9tablissements st\u00e9phanois affichent complet, situation exceptionnelle pour une ville peu touristique.<\/p>\n<p>Le Terminus du Forez accueille 90 personnes et a d\u00fb recruter du personnel suppl\u00e9mentaire.  L\u2019effet d\u00e9passe les fronti\u00e8res municipales : \u00e0 Saint-Chamond, l\u2019h\u00f4tel L\u2019Hermitage h\u00e9berge une cinquantaine de juges et d\u2019athl\u00e8tes. <\/p>\n<p><strong>2 600 jeunes espoirs \u00e0 l\u2019honneur<\/strong><\/p>\n<p>Au-del\u00e0 de l\u2019organisation imm\u00e9diate, l\u2019\u00e9v\u00e9nement constitue une vitrine pour les capacit\u00e9s d\u2019accueil st\u00e9phanoises. Ces championnats Avenir rassemblent 2 600 jeunes sportifs venus de toute la France et des Outre-Mer, future \u00e9lite de l\u2019athl\u00e9tisme fran\u00e7ais. Le stade Henri-Lux devient le th\u00e9\u00e2tre de leurs exploits sous les yeux de 10 000 spectateurs passionn\u00e9s. Seule la m\u00e9t\u00e9o capricieuse annonc\u00e9e pourrait ternir cette f\u00eate de l\u2019athl\u00e9tisme. Apr\u00e8s tant d\u2019efforts consentis, organisateurs et participants esp\u00e8rent que les \u00e9l\u00e9ments \u00e9pargneront ce week-end de comp\u00e9tition.<\/p>\n<p>Ville et club \u00e9voquent d\u00e9j\u00e0 de prochaines comp\u00e9titions d\u2019envergure, preuve que cette exp\u00e9rience, malgr\u00e9 son stress, ouvre des perspectives enthousiasmantes pour le d\u00e9veloppement sportif territorial. Cette mobilisation est une bonne nouvelle de la capacit\u00e9 de Saint-\u00c9tienne \u00e0 se transformer en capitale sportive le temps d\u2019un week-end. Si on n\u2019est pas une ville touristique, on est bien une ville sportive avec de la foule, de nombreuse personnes consommant \u00e0 Saint-\u00c9tienne.<\/p>\n","protected":false},"excerpt":{"rendered":"Le Coquelicot 42 a relev\u00e9 un pari audacieux en organisant ces championnats nationaux. Contrairement \u00e0 l\u2019\u00e9dition \u00c9lite de&hellip;\n","protected":false},"author":2,"featured_media":260947,"comment_status":"","ping_status":"","sticky":false,"template":"","format":"standard","meta":{"footnotes":""},"categories":[9653],"tags":[1111,11,2430,1777,674,1011,27,3367,12,25,4001,517],"class_list":{"0":"post-260946","1":"post","2":"type-post","3":"status-publish","4":"format-standard","5":"has-post-thumbnail","7":"category-saint-etienne","8":"tag-actu","9":"tag-actualites","10":"tag-auvergne-rhone-alpes","11":"tag-eu","12":"tag-europe","13":"tag-fr","14":"tag-france","15":"tag-loire","16":"tag-news","17":"tag-republique-francaise","18":"tag-saint-etienne","19":"tag-sport"},"share_on_mastodon":{"url":"https:\/\/pubeurope.com\/@fr\/114885286102592118","error":""},"_links":{"self":[{"href":"https:\/\/www.europesays.com\/fr\/wp-json\/wp\/v2\/posts\/260946","targetHints":{"allow":["GET"]}}],"collection":[{"href":"https:\/\/www.europesays.com\/fr\/wp-json\/wp\/v2\/posts"}],"about":[{"href":"https:\/\/www.europesays.com\/fr\/wp-json\/wp\/v2\/types\/post"}],"author":[{"embeddable":true,"href":"https:\/\/www.europesays.com\/fr\/wp-json\/wp\/v2\/users\/2"}],"replies":[{"embeddable":true,"href":"https:\/\/www.europesays.com\/fr\/wp-json\/wp\/v2\/comments?post=260946"}],"version-history":[{"count":0,"href":"https:\/\/www.europesays.com\/fr\/wp-json\/wp\/v2\/posts\/260946\/revisions"}],"wp:featuredmedia":[{"embeddable":true,"href":"https:\/\/www.europesays.com\/fr\/wp-json\/wp\/v2\/media\/260947"}],"wp:attachment":[{"href":"https:\/\/www.europesays.com\/fr\/wp-json\/wp\/v2\/media?parent=260946"}],"wp:term":[{"taxonomy":"category","embeddable":true,"href":"https:\/\/www.europesays.com\/fr\/wp-json\/wp\/v2\/categories?post=260946"},{"taxonomy":"post_tag","embeddable":true,"href":"https:\/\/www.europesays.com\/fr\/wp-json\/wp\/v2\/tags?post=260946"}],"curies":[{"name":"wp","href":"https:\/\/api.w.org\/{rel}","templated":true}]}}