{"id":260954,"date":"2025-07-20T11:21:17","date_gmt":"2025-07-20T11:21:17","guid":{"rendered":"https:\/\/www.europesays.com\/fr\/260954\/"},"modified":"2025-07-20T11:21:17","modified_gmt":"2025-07-20T11:21:17","slug":"les-papas-varois-de-natif-lancent-leur-nouvelle-marque-de-vetements-inspiree-par-le-monde-de-la-musique-electronique","status":"publish","type":"post","link":"https:\/\/www.europesays.com\/fr\/260954\/","title":{"rendered":"Les papas varois de Natif lancent leur nouvelle marque de v\u00eatements inspir\u00e9e par le monde de la musique \u00e9lectronique"},"content":{"rendered":"<p>Le projet \u00e9tait dans les cartons depuis plusieurs mois d\u00e9j\u00e0. Il s\u2019est finalement r\u00e9v\u00e9l\u00e9 aux Varois ce mercredi 16 juillet, avec le lancement officiel des v\u00eatements et accessoires Supported.<\/p>\n<p>Imagin\u00e9s par Arnaud Marchand et Geoffrey Ryon, les entrepreneurs derri\u00e8re le succ\u00e8s de la marque Natif, ces produits d\u00e9laissent cette fois <a href=\"https:\/\/www.varmatin.com\/vie-locale\/avec-un-concept-original-natif-s-installe-a-toulon-900336\" rel=\"nofollow noopener\" target=\"_blank\">le pastel, les vagues et les fleurs de l\u2019enseigne porquerollaise<\/a> pour faire la part belle au monde de la musique \u00e9lectronique.<\/p>\n<p>\u00ab\u00a0L\u2019id\u00e9e est venue l\u2019\u00e9t\u00e9 dernier\u00a0\u00bb,\u00a0rembobine <a href=\"https:\/\/www.varmatin.com\/vie-locale\/les-createurs-de-la-marque-hyeroise-natif-se-confient-avant-le-lancement-de-leur-concept-store-879398\" rel=\"nofollow noopener\" target=\"_blank\">Arnaud Marchand<\/a>, cofondateur de Natif et Supported.<\/p>\n<p>\u00ab\u00a0En discutant avec les artistes, on s\u2019est rendu compte qu\u2019il n\u2019y avait pas de vraie marque orient\u00e9e vers la musique \u00e9lectronique, alors que c\u2019est un ph\u00e9nom\u00e8ne qui prend vraiment de l\u2019ampleur. Et comme on est fiers de l\u2019identit\u00e9 de Natif et qu\u2019on ne veut pas la changer, on s\u2019est dit qu\u2019il \u00e9tait mieux de mettre en place une deuxi\u00e8me marque.\u00a0\u00bb<\/p>\n<p>Un point de vente \u00e0 Grand Var<\/p>\n<p>L\u2019objectif de Supported est de proposer des fringues styl\u00e9es en coupe oversize (1), \u00ab\u00a0avec un c\u00f4t\u00e9 un peu underground sur le choix des couleurs et des mat\u00e9riaux, afin de correspondre \u00e0 l\u2019univers de l\u2019\u00e9lectro\u00a0\u00bb.<\/p>\n<p>Et ainsi d\u00e9velopper un tout autre style, \u00e0 vocation \u00ab\u00a0moins locale et plus internationale\u00a0\u00bb, <a href=\"https:\/\/www.varmatin.com\/economie\/comment-natif-construit-sa-notoriete-et-cible-de-nouvelles-ouvertures-943043\" rel=\"nofollow noopener\" target=\"_blank\">m\u00eame si les papas du projet restent les m\u00eames<\/a>.<\/p>\n<p>Pour \u00e9laborer leur nouvelle recette, les cr\u00e9ateurs poursuivent en effet leur collaboration avec l\u2019agence Boo Creative Studio, toujours en charge de la direction artistique.<\/p>\n<p>\u00ab\u00a0On a la m\u00eame \u00e9quipe, avec quand m\u00eame des personnes d\u00e9di\u00e9es pour g\u00e9rer la nouvelle image, explique Arnaud, qui ajoute que \u00ab les fournisseurs aussi sont identiques\u00a0\u00bb.<\/p>\n<p>Aujourd\u2019hui, une vingtaine d\u2019habits (surtout des t-shirts) hommes, femmes et unisexes, ainsi qu\u2019une quinzaine d\u2019accessoires, ont d\u2019ores et d\u00e9j\u00e0 \u00e9t\u00e9 \u00e9labor\u00e9s.<\/p>\n<p>Ils sont pour la plupart disponibles <a href=\"https:\/\/supported-shop.com\/\" target=\"_blank\" rel=\"noopener nofollow\">sur le site internet de la marque<\/a> (2) et dans un corner d\u00e9di\u00e9 situ\u00e9 au magasin Citadium de Grand Var, \u00e0 La Valette.<\/p>\n<p>\u00ab\u00a0On aura prochainement des revendeurs dans toute la France!\u00a0\u00bb, annonce l\u2019entrepreneur toulonnais.<\/p>\n<p>Une surprise \u00e0 la Natif?<\/p>\n<p>Les sorties de nouvelles pi\u00e8ces se feront quant \u00e0 elles au gr\u00e9 des envies et des inspirations des cr\u00e9ateurs, qui disent \u00ab\u00a0se laisser porter\u00a0\u00bb dans cette nouvelle aventure: \u00ab\u00a0Nos ambitions? Je ne sais pas! (rires) Natif, \u00e7a a \u00e9t\u00e9 tellement surprenant\u2026\u00a0\u00bb<\/p>\n<p>Le plan de d\u00e9veloppement de leur deuxi\u00e8me b\u00e9b\u00e9 a pourtant bien \u00e9t\u00e9 r\u00e9fl\u00e9chi. Et, si la mayonnaise prend, un nouveau succ\u00e8s pourrait \u00eatre au rendez-vous: \u00ab\u00a0Notre autre ambition avec cette marque est de pouvoir proposer aux artistes de les accompagner et de g\u00e9rer leur merchandising. Une chose qu\u2019on a appris \u00e0 faire chez Natif.\u00a0\u00bb<\/p>\n<p>En clair, monter des collaborations avec diff\u00e9rents DJ et festivals, pour m\u00ealer leurs styles respectifs \u00e0 l\u2019image de la marque et d\u00e9velopper des gammes de produits sp\u00e9cifiques.<\/p>\n<p>\u00ab\u00a0Des discussions sont en cours avec des artistes. Une fois qu\u2019on en aura sign\u00e9 plusieurs, \u00e7a pourra faire effet boule de neige. [&#8230;] Le march\u00e9 est \u00e9norme. \u00c0 nous de garder la m\u00eame philosophie et de faire \u00e7a avec s\u00e9rieux.\u00a0\u00bb <\/p>\n<p>Pour que ce projet natif du Var puisse explorer des horizons encore plus lointains.<\/p>\n<p>1. Le v\u00eatement est volontairement plus ample, avec notamment des manches plus longues.<\/p>\n<p>2. <a href=\"http:\/\/supported-shop.com\" target=\"_blank\" rel=\"noopener nofollow\">supported-shop.com<\/a><\/p>\n","protected":false},"excerpt":{"rendered":"Le projet \u00e9tait dans les cartons depuis plusieurs mois d\u00e9j\u00e0. Il s\u2019est finalement r\u00e9v\u00e9l\u00e9 aux Varois ce mercredi&hellip;\n","protected":false},"author":2,"featured_media":260955,"comment_status":"","ping_status":"","sticky":false,"template":"","format":"standard","meta":{"footnotes":""},"categories":[9619],"tags":[1111,11,1477,215,33,1777,674,1011,27,12,882,25,2310],"class_list":{"0":"post-260954","1":"post","2":"type-post","3":"status-publish","4":"format-standard","5":"has-post-thumbnail","7":"category-toulon","8":"tag-actu","9":"tag-actualites","10":"tag-artisanat","11":"tag-commerce","12":"tag-economie","13":"tag-eu","14":"tag-europe","15":"tag-fr","16":"tag-france","17":"tag-news","18":"tag-provence-alpes-cote-dazur","19":"tag-republique-francaise","20":"tag-toulon"},"share_on_mastodon":{"url":"https:\/\/pubeurope.com\/@fr\/114885301605278985","error":""},"_links":{"self":[{"href":"https:\/\/www.europesays.com\/fr\/wp-json\/wp\/v2\/posts\/260954","targetHints":{"allow":["GET"]}}],"collection":[{"href":"https:\/\/www.europesays.com\/fr\/wp-json\/wp\/v2\/posts"}],"about":[{"href":"https:\/\/www.europesays.com\/fr\/wp-json\/wp\/v2\/types\/post"}],"author":[{"embeddable":true,"href":"https:\/\/www.europesays.com\/fr\/wp-json\/wp\/v2\/users\/2"}],"replies":[{"embeddable":true,"href":"https:\/\/www.europesays.com\/fr\/wp-json\/wp\/v2\/comments?post=260954"}],"version-history":[{"count":0,"href":"https:\/\/www.europesays.com\/fr\/wp-json\/wp\/v2\/posts\/260954\/revisions"}],"wp:featuredmedia":[{"embeddable":true,"href":"https:\/\/www.europesays.com\/fr\/wp-json\/wp\/v2\/media\/260955"}],"wp:attachment":[{"href":"https:\/\/www.europesays.com\/fr\/wp-json\/wp\/v2\/media?parent=260954"}],"wp:term":[{"taxonomy":"category","embeddable":true,"href":"https:\/\/www.europesays.com\/fr\/wp-json\/wp\/v2\/categories?post=260954"},{"taxonomy":"post_tag","embeddable":true,"href":"https:\/\/www.europesays.com\/fr\/wp-json\/wp\/v2\/tags?post=260954"}],"curies":[{"name":"wp","href":"https:\/\/api.w.org\/{rel}","templated":true}]}}