{"id":260958,"date":"2025-07-20T11:23:16","date_gmt":"2025-07-20T11:23:16","guid":{"rendered":"https:\/\/www.europesays.com\/fr\/260958\/"},"modified":"2025-07-20T11:23:16","modified_gmt":"2025-07-20T11:23:16","slug":"ou-et-a-quelle-heure-voir-la-caravane-ce-mardi","status":"publish","type":"post","link":"https:\/\/www.europesays.com\/fr\/260958\/","title":{"rendered":"o\u00f9 et \u00e0 quelle heure voir la caravane ce mardi\u00a0?"},"content":{"rendered":"<p>            Par<br \/>\n        <strong><br \/>\n            <a href=\"https:\/\/actu.fr\/auteur\/t-delbreil\" title=\"Consulter tous les articles de Th\u00e9o Delbreil\" rel=\"nofollow noopener\" target=\"_blank\">Th\u00e9o Delbreil<\/a><br \/>\n        <\/strong><\/p>\n<p>        Publi\u00e9 le<\/p>\n<p>            20 juil. 2025 \u00e0 9h34        <\/p>\n<p>On entre dans la troisi\u00e8me et derni\u00e8re semaine de course ! Le <strong>Tour de France<\/strong> se repose ce lundi 21 juillet, avant le grand d\u00e9part depuis l\u2019<strong>esplanade de l\u2019Europe<\/strong> vers le mythique Mont Ventoux (171,5 km) le <strong>mardi 22 juillet<\/strong> pour la 16 \u00e9tape. Pour faire monter l\u2019ambiance, la c\u00e9l\u00e8bre <strong>caravane<\/strong> traverse Montpellier deux heures avant le passage des coureurs.\u00a0<\/p>\n<p>D\u00e9part du d\u00e9fil\u00e9 \u00e0 10h10 \u00e0 Antigone<\/p>\n<p class=\" wall-content\">Comme le veut la tradition, la caravane empruntera le <strong>parcours du d\u00e9part fictif<\/strong>, du quartier Antigone jusqu\u2019\u00e0 la sortie de Prades-le-Lez, 13 kilom\u00e8tres plus loin. Les v\u00e9hicules partiront de l\u2019esplanade de l\u2019Europe \u00e0 10h10 et d\u00e9fileront sur l\u2019avenue Jean Mermoz, devant le Corum et jusqu\u2019\u00e0 la route de Mende.\u00a0<\/p>\n<p class=\" wall-content\">Des simples stylos, porte-cl\u00e9s ou pins \u00e0 des casquettes, bidons et m\u00eame maillots, il suffira d\u2019\u00eatre sur le bord de la route pour esp\u00e9rer repartir avec un cadeau inoubliable !\u00a0<\/p>\n<p class=\" wall-content\">Suivez toute l\u2019actualit\u00e9 de vos villes et m\u00e9dias favoris en vous inscrivant \u00e0 <a href=\"https:\/\/moncompte.actu.fr\" title=\"D\u00e9couvez Mon Actu\" rel=\"nofollow noopener\" data-trk=\"{&quot;cta&quot;:{&quot;action&quot;:&quot;https:\\\/\\\/moncompte.actu.fr&quot;,&quot;category&quot;:&quot;mon compte&quot;,&quot;from&quot;:&quot;article footer&quot;,&quot;name&quot;:&quot;Mon actu&quot;,&quot;type&quot;:&quot;cta&quot;}}\" target=\"_blank\">Mon Actu<\/a>.<\/p>\n","protected":false},"excerpt":{"rendered":"Par Th\u00e9o Delbreil Publi\u00e9 le 20 juil. 2025 \u00e0 9h34 On entre dans la troisi\u00e8me et derni\u00e8re semaine&hellip;\n","protected":false},"author":2,"featured_media":260959,"comment_status":"","ping_status":"","sticky":false,"template":"","format":"standard","meta":{"footnotes":""},"categories":[9599],"tags":[1111,11,1777,674,3696,1011,27,2208,12,2680,25,210],"class_list":{"0":"post-260958","1":"post","2":"type-post","3":"status-publish","4":"format-standard","5":"has-post-thumbnail","7":"category-montpellier","8":"tag-actu","9":"tag-actualites","10":"tag-eu","11":"tag-europe","12":"tag-evenements","13":"tag-fr","14":"tag-france","15":"tag-montpellier","16":"tag-news","17":"tag-occitanie","18":"tag-republique-francaise","19":"tag-tour-de-france"},"share_on_mastodon":{"url":"https:\/\/pubeurope.com\/@fr\/114885309385750210","error":""},"_links":{"self":[{"href":"https:\/\/www.europesays.com\/fr\/wp-json\/wp\/v2\/posts\/260958","targetHints":{"allow":["GET"]}}],"collection":[{"href":"https:\/\/www.europesays.com\/fr\/wp-json\/wp\/v2\/posts"}],"about":[{"href":"https:\/\/www.europesays.com\/fr\/wp-json\/wp\/v2\/types\/post"}],"author":[{"embeddable":true,"href":"https:\/\/www.europesays.com\/fr\/wp-json\/wp\/v2\/users\/2"}],"replies":[{"embeddable":true,"href":"https:\/\/www.europesays.com\/fr\/wp-json\/wp\/v2\/comments?post=260958"}],"version-history":[{"count":0,"href":"https:\/\/www.europesays.com\/fr\/wp-json\/wp\/v2\/posts\/260958\/revisions"}],"wp:featuredmedia":[{"embeddable":true,"href":"https:\/\/www.europesays.com\/fr\/wp-json\/wp\/v2\/media\/260959"}],"wp:attachment":[{"href":"https:\/\/www.europesays.com\/fr\/wp-json\/wp\/v2\/media?parent=260958"}],"wp:term":[{"taxonomy":"category","embeddable":true,"href":"https:\/\/www.europesays.com\/fr\/wp-json\/wp\/v2\/categories?post=260958"},{"taxonomy":"post_tag","embeddable":true,"href":"https:\/\/www.europesays.com\/fr\/wp-json\/wp\/v2\/tags?post=260958"}],"curies":[{"name":"wp","href":"https:\/\/api.w.org\/{rel}","templated":true}]}}