{"id":260967,"date":"2025-07-20T11:32:12","date_gmt":"2025-07-20T11:32:12","guid":{"rendered":"https:\/\/www.europesays.com\/fr\/260967\/"},"modified":"2025-07-20T11:32:12","modified_gmt":"2025-07-20T11:32:12","slug":"lalsace-placee-en-vigilance-orange-les-parcs-fermes-a-strasbourg-et-colmar","status":"publish","type":"post","link":"https:\/\/www.europesays.com\/fr\/260967\/","title":{"rendered":"l&rsquo;Alsace plac\u00e9e en vigilance orange, les parcs ferm\u00e9s \u00e0 Strasbourg et Colmar"},"content":{"rendered":"<p>Le Haut-Rhin et le Bas-Rhin ont \u00e9t\u00e9 plac\u00e9s ce dimanche en vigilance orange orages <a href=\"https:\/\/vigilance.meteofrance.fr\/fr\" target=\"_blank\" rel=\"noopener\">par M\u00e9t\u00e9o France<\/a>. Cette vigilance\u00a0d\u00e9bute \u00e0 13h et durera jusqu&rsquo;\u00e0 20h. Des orages potentiellement violents sont donc \u00e0 pr\u00e9voir, avec\u00a0un pic attendu entre 18h00 et 20h00, pr\u00e9cise la pr\u00e9fecture du Bas-Rhin dans un communiqu\u00e9.\u00a0<\/p>\n<p>\u00a0<\/p>\n<p>Ce contenu est bloqu\u00e9 car vous n&rsquo;avez pas accept\u00e9 les cookies et autres traceurs.<\/p>\n<p>En cliquant sur \u00ab J\u2019accepte \u00bb, les cookies et autres traceurs seront d\u00e9pos\u00e9s et vous pourrez visualiser les contenus  (<a href=\"\" class=\"consentModule_policy\" target=\"_blank\" title=\"Consulter la politique de protection des donn\u00e9es du fournisseur\">plus d&rsquo;informations<\/a>).<\/p>\n<p>En cliquant sur \u00ab J\u2019accepte tous les cookies \u00bb, vous autorisez des d\u00e9p\u00f4ts de cookies et autres traceurs pour le stockage de vos donn\u00e9es sur nos sites et applications \u00e0 des fins de personnalisation et de ciblage publicitaire.<\/p>\n<p class=\"consentModule_secondaryText\">Vous gardez la possibilit\u00e9 de retirer votre consentement \u00e0 tout moment en consultant notre <a href=\"https:\/\/www.dna.fr\/protection-des-donnees\" target=\"_blank\" title=\"Consulter notre politique de protection des donn\u00e9es\" rel=\"noopener\">politique de protection des donn\u00e9es<\/a>. <br \/>&#13;<br \/>\n            <a href=\"https:\/\/www.dna.fr\/environnement\/2025\/07\/20\/javascript:Didomi.notice.show()\" class=\"consentModule_cmp\" target=\"_blank\" rel=\"noopener\">G\u00e9rer mes choix<\/a>&#13;\n        <\/p>\n<p>&#13;<br \/>\n                        J&rsquo;accepte&#13;<br \/>\n            J&rsquo;accepte tous les cookies&#13;\n        <\/p>\n<p>Face \u00e0 ces conditions m\u00e9t\u00e9orologiques pr\u00e9vues, la Ville de Strasbourg a annonc\u00e9 les fermetures pr\u00e9ventives de six parcs \u00e0 partir de 16h. Les parcs concern\u00e9s sont les suivants :\u00a0Pourtal\u00e8s, Orangerie, Contades, Citadelle, Schulmeister et Albert Schweitzer. Les neuf cimeti\u00e8res municipaux de Strasbourg seront \u00e9galement ferm\u00e9s.\u00a0<\/p>\n<p>Du c\u00f4t\u00e9 de Colmar, le maire Eric Straumann a lui aussi annonc\u00e9 la fermeture de l&rsquo;ensemble des parcs et jardins de la ville.<\/p>\n<p>Ce contenu est bloqu\u00e9 car vous n&rsquo;avez pas accept\u00e9 les cookies et autres traceurs.<\/p>\n<p>En cliquant sur \u00ab J\u2019accepte \u00bb, les cookies et autres traceurs seront d\u00e9pos\u00e9s et vous pourrez visualiser les contenus  (<a href=\"\" class=\"consentModule_policy\" target=\"_blank\" title=\"Consulter la politique de protection des donn\u00e9es du fournisseur\">plus d&rsquo;informations<\/a>).<\/p>\n<p>En cliquant sur \u00ab J\u2019accepte tous les cookies \u00bb, vous autorisez des d\u00e9p\u00f4ts de cookies et autres traceurs pour le stockage de vos donn\u00e9es sur nos sites et applications \u00e0 des fins de personnalisation et de ciblage publicitaire.<\/p>\n<p class=\"consentModule_secondaryText\">Vous gardez la possibilit\u00e9 de retirer votre consentement \u00e0 tout moment en consultant notre <a href=\"https:\/\/www.dna.fr\/protection-des-donnees\" target=\"_blank\" title=\"Consulter notre politique de protection des donn\u00e9es\" rel=\"noopener\">politique de protection des donn\u00e9es<\/a>. <br \/>&#13;<br \/>\n            <a href=\"https:\/\/www.dna.fr\/environnement\/2025\/07\/20\/javascript:Didomi.notice.show()\" class=\"consentModule_cmp\" target=\"_blank\" rel=\"noopener\">G\u00e9rer mes choix<\/a>&#13;\n        <\/p>\n<p>&#13;<br \/>\n                        J&rsquo;accepte&#13;<br \/>\n            J&rsquo;accepte tous les cookies&#13;\n        <\/p>\n<p>La pr\u00e9fecture du Haut-Rhin, elle, appelle les habitants \u00e0 limiter leurs d\u00e9placements dans la mesure du possible.<\/p>\n","protected":false},"excerpt":{"rendered":"Le Haut-Rhin et le Bas-Rhin ont \u00e9t\u00e9 plac\u00e9s ce dimanche en vigilance orange orages par M\u00e9t\u00e9o France. Cette&hellip;\n","protected":false},"author":2,"featured_media":260968,"comment_status":"","ping_status":"","sticky":false,"template":"","format":"standard","meta":{"footnotes":""},"categories":[2820],"tags":[1111,11,2389,2649,2413,1777,674,107,1011,27,775,1637,8423,12,25,640],"class_list":{"0":"post-260967","1":"post","2":"type-post","3":"status-publish","4":"format-standard","5":"has-post-thumbnail","7":"category-strasbourg","8":"tag-actu","9":"tag-actualites","10":"tag-alsace","11":"tag-bas-rhin","12":"tag-edition-colmar-guebwiller","13":"tag-eu","14":"tag-europe","15":"tag-fil-info","16":"tag-fr","17":"tag-france","18":"tag-grand-est","19":"tag-haut-rhin","20":"tag-meteorologie-climat","21":"tag-news","22":"tag-republique-francaise","23":"tag-strasbourg"},"share_on_mastodon":{"url":"https:\/\/pubeurope.com\/@fr\/114885344922094898","error":""},"_links":{"self":[{"href":"https:\/\/www.europesays.com\/fr\/wp-json\/wp\/v2\/posts\/260967","targetHints":{"allow":["GET"]}}],"collection":[{"href":"https:\/\/www.europesays.com\/fr\/wp-json\/wp\/v2\/posts"}],"about":[{"href":"https:\/\/www.europesays.com\/fr\/wp-json\/wp\/v2\/types\/post"}],"author":[{"embeddable":true,"href":"https:\/\/www.europesays.com\/fr\/wp-json\/wp\/v2\/users\/2"}],"replies":[{"embeddable":true,"href":"https:\/\/www.europesays.com\/fr\/wp-json\/wp\/v2\/comments?post=260967"}],"version-history":[{"count":0,"href":"https:\/\/www.europesays.com\/fr\/wp-json\/wp\/v2\/posts\/260967\/revisions"}],"wp:featuredmedia":[{"embeddable":true,"href":"https:\/\/www.europesays.com\/fr\/wp-json\/wp\/v2\/media\/260968"}],"wp:attachment":[{"href":"https:\/\/www.europesays.com\/fr\/wp-json\/wp\/v2\/media?parent=260967"}],"wp:term":[{"taxonomy":"category","embeddable":true,"href":"https:\/\/www.europesays.com\/fr\/wp-json\/wp\/v2\/categories?post=260967"},{"taxonomy":"post_tag","embeddable":true,"href":"https:\/\/www.europesays.com\/fr\/wp-json\/wp\/v2\/tags?post=260967"}],"curies":[{"name":"wp","href":"https:\/\/api.w.org\/{rel}","templated":true}]}}