{"id":260971,"date":"2025-07-20T11:34:10","date_gmt":"2025-07-20T11:34:10","guid":{"rendered":"https:\/\/www.europesays.com\/fr\/260971\/"},"modified":"2025-07-20T11:34:10","modified_gmt":"2025-07-20T11:34:10","slug":"tout-ce-que-je-fais-chaque-jour-je-le-fais-pour-vous-le-prince-albert-ii-de-monaco-emu-devant-les-monegasques-et-sa-famille-pour-ses-20-ans-de-regne","status":"publish","type":"post","link":"https:\/\/www.europesays.com\/fr\/260971\/","title":{"rendered":"\u00ab\u00a0Tout ce que je fais chaque jour, je le fais pour vous\u00a0\u00bb: le prince Albert II de Monaco \u00e9mu devant les Mon\u00e9gasques et sa famille pour ses 20 ans de r\u00e8gne"},"content":{"rendered":"<p>Il est leur protecteur. Leur boussole. Leur voix et leur fiert\u00e9. Le chef incontest\u00e9 de la grande famille mon\u00e9gasque dont le monde apprend toujours plus \u00e0 conna\u00eetre la singularit\u00e9 depuis son av\u00e8nement, le 12 juillet 2005.<\/p>\n<p>Ce samedi 19 juillet 2025, les Mon\u00e9gasques \u00e9taient ainsi 6\u2005000 sur la place du Palais princier \u00e0 entourer le prince Albert II de Monaco et sa famille pour c\u00e9l\u00e9brer dans la joie et la simplicit\u00e9 ses 20 ans de r\u00e8gne.<\/p>\n<p>\u00ab\u00a0Votre soutien et votre affection me touchent en ce jour important et rare. Rare, car on n\u2019a pas tous les jours 20 ans. C\u2019est particuli\u00e8rement vrai quand on en a 67. Je plaisante et ma vie n\u2019a pas commenc\u00e9 le 12 juillet 2005, jour de mon av\u00e8nement, mais une page importante s\u2019est ouverte ce jour-l\u00e0. Une page que j\u2019ai pu \u00e9crire avec vous tous au cours de ces ann\u00e9es particuli\u00e8rement intenses, parfois difficiles, mais je crois particuli\u00e8rement heureuses\u00a0\u00bb, a d\u00e9but\u00e9 le prince Albert II avant de se tourner vers sa \u00ab\u00a0famille de sang\u00a0\u00bb, la princesse Charl\u00e8ne et ses enfants, Jacques et Gabriella.<\/p>\n<p>Pris par l\u2019\u00e9motion \u2013 jusqu\u2019\u00e0 tirer les larmes de nombreux Mon\u00e9gasques, sa s\u0153ur la princesse St\u00e9phanie et son neveu Louis Ducruet notamment \u2013, le Prince n\u2019a pu reprendre son propos qu\u2019apr\u00e8s avoir enlac\u00e9 ses enfants et embrass\u00e9 son \u00e9pouse sous les applaudissements. \u00ab\u00a0Je les remercie tous les jours pour leur amour et leur soutien. Comme je veux remercier mes s\u0153urs, mes neveux et ni\u00e8ces, mes cousins et cousines [dont les descendants am\u00e9ricains de Grace Kelly pr\u00e9sents ce samedi, ndlr], qui sont essentiels \u00e0 mes \u00e9quilibres priv\u00e9s et publics.\u00a0\u00bb<\/p>\n<p>              <img ci-src=\"https:\/\/www.varmatin.com\/vie-locale\/Image+MONXXQ223_CD_ANNIVERSAIRE+AVENEMENT+PRINCE+ALBERT+II-AopARdMH.jpg?vh=5ee81f&amp;ci_seal=968f3a4fa6\" alt=\"\"\/><br \/>\n        Le couple princier et ses enfants. <strong>Photo Cyril Dodergny.<\/strong> <\/p>\n<blockquote>\n<p><strong>\u00ab\u00a0Vous \u00eates celui qui veille sur nous et sur notre pays\u00a0\u00bb<\/strong><\/p>\n<\/blockquote>\n<p>Plus t\u00f4t, le maire de Monaco Georges Marsan avait \u00e9tay\u00e9 ce lien ind\u00e9fectible qui unit les Mon\u00e9gasques \u00e0 la Famille princi\u00e8re. \u00ab\u00a0Ces vingt derni\u00e8res ann\u00e9es ont \u00e9t\u00e9 marqu\u00e9es par des moments de bonheur familial que nous ne pouvons oublier. Le mariage de votre Altesse avec la princesse Charl\u00e8ne, un \u00e9v\u00e9nement magnifique qui a r\u00e9uni deux c\u0153urs et deux nations. Ainsi que la naissance de leurs Altesses, le prince h\u00e9r\u00e9ditaire Jacques et la princesse Gabriella, qui apportent joie et avenir \u00e0 notre pays. Ces moments ont renforc\u00e9 notre sentiment d\u2019unit\u00e9, de fiert\u00e9 et d\u2019amour pour notre Principaut\u00e9 et pour votre famille. Monseigneur, vous \u00eates notre Prince souverain, l\u2019incarnation de notre identit\u00e9, notre guide, celui qui veille sur nous et sur notre pays.\u00a0\u00bb<\/p>\n<p>Un pays, un destin. Celui des Grimaldi dont le premier Seigneur, Fran\u00e7ois, d\u00e9guis\u00e9 en moine, prit le Rocher par la ruse en 1297. Sept si\u00e8cles plus tard, le 14e Prince de Monaco, Albert II, a l\u2019oreille des grands de ce monde et la Principaut\u00e9, son fauteuil dans le concert des nations.<\/p>\n<p>\u00ab\u00a0Notre place dans le monde s\u2019est affirm\u00e9e, car Monaco est d\u00e9sormais pr\u00e9sente partout o\u00f9 l\u2019on d\u00e9bat de l\u2019avenir de la plan\u00e8te. Notre voix compte. Notre engagement pour l\u2019environnement, le climat, les oc\u00e9ans, la biodiversit\u00e9, qui \u00e9tait, il y a 20 ans, une occupation peu partag\u00e9e \u00e0 l\u2019\u00e9tranger, est devenu l\u2019un des enjeux majeurs de ce si\u00e8cle. Comme l\u2019a montr\u00e9 au mois de juin dernier, le succ\u00e8s du Blue Economy and Finance Forum. Tout ceci, nous devons en \u00eatre fiers, nous l\u2019avons fait ensemble dans un esprit de responsabilit\u00e9, de confiance et d\u2019unit\u00e9, qui est au c\u0153ur de notre contrat social et qui doit plus que jamais continuer \u00e0 nous inspirer.\u00a0\u00bb<\/p>\n<p>Inspirer, et souder dans un monde incertain, en p\u00e9ril, angoissant, comme l\u2019a soulign\u00e9 Georges Marsan. \u00ab\u00a0Il y a 20 ans, notre monde \u00e9tait d\u00e9j\u00e0 en mouvement. Mais il ne ressemblait en rien \u00e0 celui que nous connaissons aujourd\u2019hui. Nous avons assist\u00e9 \u00e0 une multiplication de crises sanitaires, \u00e9conomiques, climatiques qui ont mis \u00e0 rude \u00e9preuve notre r\u00e9silience collective. Le terrorisme et le retour de la guerre sur le continent europ\u00e9en nous rappellent que la paix et la libert\u00e9 ne sont jamais acquises (&#8230;) Par manque de volont\u00e9 de beaucoup et par manque de pr\u00e9caution et de raison, notre plan\u00e8te se d\u00e9grade et se transforme peu \u00e0 peu en un lieu inhospitalier pour la nature et pour les hommes. Bien avant que ce triste constat ne soit largement partag\u00e9 et que la prise de conscience d\u2019une urgence d\u2019agir n\u2019apparaisse, vous avez eu la clairvoyance, l\u2019intuition qu\u2019il fallait agir.\u00a0\u00bb<\/p>\n<blockquote><p>&#13;<\/p>\n<p>&#13;<br \/>\n<strong>\u00ab\u00a0Vous \u00eates dans nos c\u0153urs\u00a0\u00bb<\/strong><\/p>\n<p>&#13;\n<\/p><\/blockquote>\n<p>\u00ab\u00a0Tout ce que je fais chaque jour, que ce soit ici \u00e0 Monaco, dans les enceintes internationales, dans la solitude de mon bureau ou sur des mers lointaines, je le fais pour vous, pour les Mon\u00e9gasques, a r\u00e9pondu le prince Albert II, sanglots dans la voix. Pour Monaco, tous ceux qui y vivent et y travaillent, pour notre souverainet\u00e9, notre prosp\u00e9rit\u00e9, notre avenir et celui de nos enfants.\u00a0\u00bb<\/p>\n<p>Et le maire de saluer l\u2019humanit\u00e9 du Prince du peuple, capitaine d\u2019une \u00e9quipe gagnante. \u00ab\u00a0Votre action s\u2019inscrit au c\u0153ur de valeurs qui sont celles du sport. Respect, \u00e9quit\u00e9, pers\u00e9v\u00e9rance et esprit d\u2019\u00e9quipe (&#8230;) Malgr\u00e9 la lourde charge, vous avez toujours d\u00e9montr\u00e9 beaucoup de bienveillance envers chacun d\u2019entre nous, avec simplicit\u00e9 et authenticit\u00e9. Vous \u00eates dans nos c\u0153urs, vous \u00eates notre voix dans le monde et, dans les p\u00e9riodes les plus mouvement\u00e9es, vous pouvez compter sur le soutien ind\u00e9fectible de notre communaut\u00e9.\u00a0\u00bb<\/p>\n<p>Faisant r\u00e9f\u00e9rence aux r\u00e9centes vagues m\u00e9diatico-judiciaires qui ont d\u00e9ferl\u00e9 sur la Principaut\u00e9, le Prince a appel\u00e9 \u00e0 rester droit contre vents et mar\u00e9es. \u00ab\u00a0Je sais que l\u2019on parle beaucoup de quelques querelles qui nous diviseraient. Je ne crois pas qu\u2019il faut leur accorder tant d\u2019importance. Ne pr\u00eatons pas attention \u00e0 ceux qui veulent nous d\u00e9sunir, nous affaiblir, nous d\u00e9courager (&#8230;) Ayons confiance en nous, c\u2019est ainsi que nous continuerons d\u2019avancer, fid\u00e8les \u00e0 la grande et belle histoire de la Principaut\u00e9, sur le chemin du bonheur.\u00a0\u00bb<\/p>\n<p>Et le Prince de rappeler la recette d\u2019un avenir serein\u2005: \u00ab\u00a0concorde, travail, sens de l\u2019accueil, int\u00e9r\u00eat pour l\u2019innovation, attachement \u00e0 l\u2019\u00e9thique et ouverture \u00e0 l\u2019international\u00a0\u00bb.<\/p>\n<p>Albert II assurant enfin que, port\u00e9 par ses vertus, son d\u00e9vouement reste intact. \u00ab\u00a0Je demeure aussi d\u00e9termin\u00e9, motiv\u00e9 et confiant que je l\u2019\u00e9tais il y a vingt ans. Profitons de cette \u00e9nergie, de ces r\u00eaves et de ces ambitions pour continuer \u00e0 avancer comme nous l\u2019avons fait ensemble au quotidien depuis ce jour de juillet 2005.\u00a0\u00bb<\/p>\n<p>\u00ab\u00a0Nous sommes heureux d\u2019\u00eatre Mon\u00e9gasques et fiers de nos Princes. Notre d\u00e9vouement et notre admiration sont le reflet l\u00e9gitime de ce que vous \u00eates et de ce que vous repr\u00e9sentez pour nous\u00a0\u00bb, a conclu le maire lors d\u2019une soir\u00e9e empreinte d\u2019\u00e9motion. \u00ab\u00a0On n\u2019a pas tous les jours vingt ans (&#8230;) C\u2019est pourquoi faut qu\u2019on en profite&#8230;\u00a0\u00bb dit la chanson.<\/p>\n","protected":false},"excerpt":{"rendered":"Il est leur protecteur. Leur boussole. Leur voix et leur fiert\u00e9. Le chef incontest\u00e9 de la grande famille&hellip;\n","protected":false},"author":2,"featured_media":260972,"comment_status":"","ping_status":"","sticky":false,"template":"","format":"standard","meta":{"footnotes":""},"categories":[2819],"tags":[1111,11,1777,674,1011,27,12,2401,882,25,3366],"class_list":{"0":"post-260971","1":"post","2":"type-post","3":"status-publish","4":"format-standard","5":"has-post-thumbnail","7":"category-nice","8":"tag-actu","9":"tag-actualites","10":"tag-eu","11":"tag-europe","12":"tag-fr","13":"tag-france","14":"tag-news","15":"tag-nice","16":"tag-provence-alpes-cote-dazur","17":"tag-republique-francaise","18":"tag-vie-locale"},"share_on_mastodon":{"url":"https:\/\/pubeurope.com\/@fr\/114885352814877370","error":""},"_links":{"self":[{"href":"https:\/\/www.europesays.com\/fr\/wp-json\/wp\/v2\/posts\/260971","targetHints":{"allow":["GET"]}}],"collection":[{"href":"https:\/\/www.europesays.com\/fr\/wp-json\/wp\/v2\/posts"}],"about":[{"href":"https:\/\/www.europesays.com\/fr\/wp-json\/wp\/v2\/types\/post"}],"author":[{"embeddable":true,"href":"https:\/\/www.europesays.com\/fr\/wp-json\/wp\/v2\/users\/2"}],"replies":[{"embeddable":true,"href":"https:\/\/www.europesays.com\/fr\/wp-json\/wp\/v2\/comments?post=260971"}],"version-history":[{"count":0,"href":"https:\/\/www.europesays.com\/fr\/wp-json\/wp\/v2\/posts\/260971\/revisions"}],"wp:featuredmedia":[{"embeddable":true,"href":"https:\/\/www.europesays.com\/fr\/wp-json\/wp\/v2\/media\/260972"}],"wp:attachment":[{"href":"https:\/\/www.europesays.com\/fr\/wp-json\/wp\/v2\/media?parent=260971"}],"wp:term":[{"taxonomy":"category","embeddable":true,"href":"https:\/\/www.europesays.com\/fr\/wp-json\/wp\/v2\/categories?post=260971"},{"taxonomy":"post_tag","embeddable":true,"href":"https:\/\/www.europesays.com\/fr\/wp-json\/wp\/v2\/tags?post=260971"}],"curies":[{"name":"wp","href":"https:\/\/api.w.org\/{rel}","templated":true}]}}