{"id":260981,"date":"2025-07-20T11:40:09","date_gmt":"2025-07-20T11:40:09","guid":{"rendered":"https:\/\/www.europesays.com\/fr\/260981\/"},"modified":"2025-07-20T11:40:09","modified_gmt":"2025-07-20T11:40:09","slug":"la-police-desagrege-la-petite-equipe","status":"publish","type":"post","link":"https:\/\/www.europesays.com\/fr\/260981\/","title":{"rendered":"la police d\u00e9sagr\u00e8ge la petite \u00e9quipe"},"content":{"rendered":"<p>            Par<br \/>\n        <strong><br \/>\n            <a href=\"https:\/\/actu.fr\/auteur\/david-saint-sernin\" title=\"Consulter tous les articles de David Saint-Sernin\" rel=\"nofollow noopener\" target=\"_blank\">David Saint-Sernin<\/a><br \/>\n        <\/strong><\/p>\n<p>        Publi\u00e9 le<\/p>\n<p>            20 juil. 2025 \u00e0 12h54        <\/p>\n<p>Vendredi 18 juillet 2025, un groupe d\u2019adolescents a men\u00e9 <strong>deux tentatives de cambriolages<\/strong> au <a href=\"https:\/\/actu.fr\/toulouse\/\" rel=\"nofollow noopener\" target=\"_blank\">centre-ville de Toulouse<\/a>. Une assiduit\u00e9 qui a conduit certains de ses membres \u00e0 \u00eatre amen\u00e9s au commissariat de police deux reprises, en l\u2019espace de quelques heures. Certains d\u2019entre-eux sont toujours au main des autorit\u00e9s ce dimanche 20 juillet. R\u00e9cit.<\/p>\n<p>Un groupe de cinq adolescents<\/p>\n<p class=\" wall-content\">Tout commence vers 17h, vendredi. Un groupe d\u2019adolescents est rep\u00e9r\u00e9 dans le secteur Gabriel P\u00e9ri. Ils veulent visiblement tenter de cambrioler un restaurant. Une patrouille de police est appell\u00e9e sur place et celle-ci tombe sur deux adolescents \u00e2g\u00e9s de 13 et 15 ans, pris en flagrant d\u00e9lit. Direction, le commissariat pour le duo ainsi que trois autres jeunes pr\u00e9sents \u00e0 proximit\u00e9 du lieu, et qui font partie du m\u00eame groupe. Parmi ces trois adolescents figurent deux fr\u00e8res, l\u00e0 aussi \u00e2g\u00e9s de 13 et 15 ans.<\/p>\n<p class=\" wall-content\">Les deux auteurs pris en flagrant d\u00e9lits sont entendus. Les trois autres adolescents, une fois le contr\u00f4le d\u2019identit\u00e9 effectu\u00e9, sont r\u00e9cup\u00e9r\u00e9s par leurs proches.<\/p>\n<p>Deux fr\u00e8res issus du groupe, rel\u00e2ch\u00e9s, puis encore interpell\u00e9s la m\u00eame soir\u00e9e<\/p>\n<p class=\" wall-content\">La suite va le prouver. Les deux fr\u00e8res, qui viennent de quitter le commissariat, ne sont pas d\u00e9cid\u00e9s \u00e0 passer une soir\u00e9e tranquillement chez eux.\u00a0<\/p>\n<p class=\" wall-content\">Moins de deux heures plus tard, alors que deux de leur \u00ab\u00a0camarades\u00a0\u00bb s\u2019expliquent toujours au commissariat sur la premi\u00e8re tentative de cambriolage, ils d\u00e9cident de cambrioler un salon de coiffure dans le secteur Capitole.<\/p>\n<p class=\" wall-content\">L\u00e0 aussi, des t\u00e9moins, puis l\u2019intervention de la police, met en \u00e9chec le duo. Retour \u00e0 la case commissariat de Toulouse pour eux\u2026<\/p>\n<p>Vid\u00e9os : en ce moment sur ActuTrois ados toujours entre les mains des autorit\u00e9s dimanche<\/p>\n<p class=\" wall-content\">Ce dimanche 20 juillet, deux jours apr\u00e8s les faits, le groupe d\u2019adolescents est d\u00e9mentel\u00e9.<\/p>\n<p class=\" wall-content\">\u00ab\u00a0Le premier cambriolage est d\u00e9sormais une affaire class\u00e9e, mais l\u2019un des deux adolescents, celui \u00e2g\u00e9 de 15 ans, a vu sa garde \u00e0 vue prolong\u00e9e car il a mordu un fonctionnaire. C\u2019est cet acte de violence qui nous am\u00e8ne \u00e0 prolonger sa garde \u00e0 vue\u00a0\u00bb, explique \u00e0 Actu Toulouse une source polici\u00e8re qui poursuit :<\/p>\n<p class=\" wall-content\">\u00ab\u00a0Les deux fr\u00e8res, interpell\u00e9 suite \u00e0 la deuxi\u00e8me tentative dans la soir\u00e9e de vendredi, vont \u00eatre d\u00e9f\u00e9r\u00e9s ce dimanche devant un juge des enfants. Ils nient les faits mais des t\u00e9moins attestent de leur pr\u00e9sence sur les lieux du second cambriolage. Ils sont aussi d\u00e9f\u00e9r\u00e9s au vu de leurs ant\u00e9cedents\u00a0\u00bb.<\/p>\n<p class=\" wall-content\">D\u00e9but juillet, ils avaient en effet \u00e9t\u00e9 arr\u00eat\u00e9s pour une \u2026 tentative de cambriolage.<\/p>\n<p class=\" wall-content\">Suivez toute l\u2019actualit\u00e9 de vos villes et m\u00e9dias favoris en vous inscrivant \u00e0 <a href=\"https:\/\/moncompte.actu.fr\" title=\"D\u00e9couvez Mon Actu\" rel=\"nofollow noopener\" data-trk=\"{&quot;cta&quot;:{&quot;action&quot;:&quot;https:\\\/\\\/moncompte.actu.fr&quot;,&quot;category&quot;:&quot;mon compte&quot;,&quot;from&quot;:&quot;article footer&quot;,&quot;name&quot;:&quot;Mon actu&quot;,&quot;type&quot;:&quot;cta&quot;}}\" target=\"_blank\">Mon Actu<\/a>.<\/p>\n","protected":false},"excerpt":{"rendered":"Par David Saint-Sernin Publi\u00e9 le 20 juil. 2025 \u00e0 12h54 Vendredi 18 juillet 2025, un groupe d\u2019adolescents a&hellip;\n","protected":false},"author":2,"featured_media":260982,"comment_status":"","ping_status":"","sticky":false,"template":"","format":"standard","meta":{"footnotes":""},"categories":[2816],"tags":[1111,11,1174,1777,674,118,1011,27,12,2680,1072,25,2312],"class_list":{"0":"post-260981","1":"post","2":"type-post","3":"status-publish","4":"format-standard","5":"has-post-thumbnail","7":"category-toulouse","8":"tag-actu","9":"tag-actualites","10":"tag-cambriolage","11":"tag-eu","12":"tag-europe","13":"tag-faits-divers","14":"tag-fr","15":"tag-france","16":"tag-news","17":"tag-occitanie","18":"tag-police","19":"tag-republique-francaise","20":"tag-toulouse"},"share_on_mastodon":{"url":"https:\/\/pubeurope.com\/@fr\/114885376274832478","error":""},"_links":{"self":[{"href":"https:\/\/www.europesays.com\/fr\/wp-json\/wp\/v2\/posts\/260981","targetHints":{"allow":["GET"]}}],"collection":[{"href":"https:\/\/www.europesays.com\/fr\/wp-json\/wp\/v2\/posts"}],"about":[{"href":"https:\/\/www.europesays.com\/fr\/wp-json\/wp\/v2\/types\/post"}],"author":[{"embeddable":true,"href":"https:\/\/www.europesays.com\/fr\/wp-json\/wp\/v2\/users\/2"}],"replies":[{"embeddable":true,"href":"https:\/\/www.europesays.com\/fr\/wp-json\/wp\/v2\/comments?post=260981"}],"version-history":[{"count":0,"href":"https:\/\/www.europesays.com\/fr\/wp-json\/wp\/v2\/posts\/260981\/revisions"}],"wp:featuredmedia":[{"embeddable":true,"href":"https:\/\/www.europesays.com\/fr\/wp-json\/wp\/v2\/media\/260982"}],"wp:attachment":[{"href":"https:\/\/www.europesays.com\/fr\/wp-json\/wp\/v2\/media?parent=260981"}],"wp:term":[{"taxonomy":"category","embeddable":true,"href":"https:\/\/www.europesays.com\/fr\/wp-json\/wp\/v2\/categories?post=260981"},{"taxonomy":"post_tag","embeddable":true,"href":"https:\/\/www.europesays.com\/fr\/wp-json\/wp\/v2\/tags?post=260981"}],"curies":[{"name":"wp","href":"https:\/\/api.w.org\/{rel}","templated":true}]}}