{"id":260987,"date":"2025-07-20T11:44:11","date_gmt":"2025-07-20T11:44:11","guid":{"rendered":"https:\/\/www.europesays.com\/fr\/260987\/"},"modified":"2025-07-20T11:44:11","modified_gmt":"2025-07-20T11:44:11","slug":"le-rappeur-marseillais-fait-son-entree-sur-un-cheval-devant-plus-de-59-000-spectateurs","status":"publish","type":"post","link":"https:\/\/www.europesays.com\/fr\/260987\/","title":{"rendered":"le rappeur marseillais fait son entr\u00e9e sur un cheval devant plus de 59 000 spectateurs"},"content":{"rendered":"<p>Le Capo dei Capi a fait<a href=\"https:\/\/www.laprovence.com\/article\/culture-loisirs\/157360703219815\/video-alonzo-veut-faire-de-son-concert-au-velodrome-la-fete-de-tous-les-marseillais\" target=\"_blank\" rel=\"noopener\"> son entr\u00e9e au stade V\u00e9lodrome<\/a> devant 59 254 spectateurs, ce samedi soir peu avant 21h. Apr\u00e8s un clip d&rsquo;introduction rappelant le monde de Dune, le rappeur est arriv\u00e9 sur son titre \u00a0\u00bb\u00a0Foumbouni\u00a0\u00ab\u00a0, du nom de son village aux Comores.<\/p>\n<p>Sur sc\u00e8ne, onze personnes ont brandi des banni\u00e8res aux noms de ses diff\u00e9rents albums. Le Capo, habill\u00e9 tout en blanc, est venu rallier ses troupes, tel un chef de guerre, sur un cheval marron. Dans la foule, une quinzaine de fumig\u00e8nes allumaient le Vel&rsquo;, en signe de ralliement.<\/p>\n<p><img alt=\"Alonzo en concert au V\u00e9lodrome ce samedi 19 juillet, pour la premi\u00e8re fois.\" loading=\"lazy\" decoding=\"async\" data-nimg=\"fill\" class=\" TwicCore_img__i9TC1 undefined  undefined\" style=\"position:absolute;height:100%;width:100%;left:0;top:0;right:0;bottom:0;color:transparent;background-size:cover;background-position:50% 50%;background-repeat:no-repeat;background-image:url(&quot;data:image\/svg+xml;charset=utf-8,%3Csvg xmlns='http:\/\/www.w3.org\/2000\/svg' %3E%3Cfilter id='b' color-interpolation-filters='sRGB'%3E%3CfeGaussianBlur stdDeviation='20'\/%3E%3CfeColorMatrix values='1 0 0 0 0 0 1 0 0 0 0 0 1 0 0 0 0 0 100 -1' result='s'\/%3E%3CfeFlood x='0' y='0' width='100%25' height='100%25'\/%3E%3CfeComposite operator='out' in='s'\/%3E%3CfeComposite in2='SourceGraphic'\/%3E%3CfeGaussianBlur stdDeviation='20'\/%3E%3C\/filter%3E%3Cimage width='100%25' height='100%25' x='0' y='0' preserveAspectRatio='none' style='filter: url(%23b);' href='https:\/\/pictures.laprovence.com\/cdn-cgi\/image\/blur=250\/media\/melody\/2025\/07\/19\/alonzo-en-concert-au-stade-orange-velodrome-alonzo-en-concert-190725dtt03-1752955455_935ac959fb786a75ac959fb788b5acv_.jpg'\/%3E%3C\/svg%3E&quot;)\"   src=\"https:\/\/www.europesays.com\/fr\/wp-content\/uploads\/2025\/07\/alonzo-en-concert-au-stade-orange-velodrome-alonzo-en-concert-190725dtt03-1752955455_935ac959fb786a7.jpeg\"\/>Alonzo en concert au V\u00e9lodrome ce samedi 19 juillet, pour la premi\u00e8re fois. Photo Denis THAUST\u00a0\u00bbUn concert du peuple\u00a0\u00bb<\/p>\n<p>Puis, le rappeur a fait vibrer le stade en reprenant Santana, l&rsquo;un de ses plus gros succ\u00e8s. Deux premiers titres \u00e9nergiques, \u00e0 l&rsquo;image d&rsquo;Alonzo, qui rappelait dans nos colonnes \u00eatre \u00ab\u00a0un comp\u00e9titeur\u00a0\u00bb.<\/p>\n<p>Est alors venu le temps de repr\u00e9senter les Quartiers Nord, en reprenant deux titres issu de l&rsquo;album \u00e0 ce nom : LVDC et Plaque 13.<\/p>\n<p>Apr\u00e8s un bref temps de pause, Alonzo a souhait\u00e9 la bienvenue aux spectateurs pour ce \u00ab\u00a0concert du peuple\u00a0\u00bb, expliquant vouloir <a href=\"https:\/\/www.laprovence.com\/article\/culture-loisirs\/1988504883786414\/concert-dalonzo-au-velodrome-les-fans-attendent-du-rappeur-quil-fissure-le-stade\" target=\"_blank\" rel=\"noopener\">\u00ab\u00a0fissurer, d\u00e9truire, exploser le stade\u00a0\u00bb<\/a>.<\/p>\n","protected":false},"excerpt":{"rendered":"Le Capo dei Capi a fait son entr\u00e9e au stade V\u00e9lodrome devant 59 254 spectateurs, ce samedi soir&hellip;\n","protected":false},"author":2,"featured_media":260988,"comment_status":"","ping_status":"","sticky":false,"template":"","format":"standard","meta":{"footnotes":""},"categories":[2814],"tags":[17,1111,11,1697,251,40085,1777,674,21,1011,27,761,884,12,882,6198,25,3711,957],"class_list":{"0":"post-260987","1":"post","2":"type-post","3":"status-publish","4":"format-standard","5":"has-post-thumbnail","7":"category-marseille","8":"tag-17","9":"tag-actu","10":"tag-actualites","11":"tag-concert","12":"tag-culture","13":"tag-dalonzo","14":"tag-eu","15":"tag-europe","16":"tag-fait","17":"tag-fr","18":"tag-france","19":"tag-marseillais","20":"tag-marseille","21":"tag-news","22":"tag-provence-alpes-cote-dazur","23":"tag-rappeur","24":"tag-republique-francaise","25":"tag-son","26":"tag-velodrome"},"share_on_mastodon":{"url":"https:\/\/pubeurope.com\/@fr\/114885392120719857","error":""},"_links":{"self":[{"href":"https:\/\/www.europesays.com\/fr\/wp-json\/wp\/v2\/posts\/260987","targetHints":{"allow":["GET"]}}],"collection":[{"href":"https:\/\/www.europesays.com\/fr\/wp-json\/wp\/v2\/posts"}],"about":[{"href":"https:\/\/www.europesays.com\/fr\/wp-json\/wp\/v2\/types\/post"}],"author":[{"embeddable":true,"href":"https:\/\/www.europesays.com\/fr\/wp-json\/wp\/v2\/users\/2"}],"replies":[{"embeddable":true,"href":"https:\/\/www.europesays.com\/fr\/wp-json\/wp\/v2\/comments?post=260987"}],"version-history":[{"count":0,"href":"https:\/\/www.europesays.com\/fr\/wp-json\/wp\/v2\/posts\/260987\/revisions"}],"wp:featuredmedia":[{"embeddable":true,"href":"https:\/\/www.europesays.com\/fr\/wp-json\/wp\/v2\/media\/260988"}],"wp:attachment":[{"href":"https:\/\/www.europesays.com\/fr\/wp-json\/wp\/v2\/media?parent=260987"}],"wp:term":[{"taxonomy":"category","embeddable":true,"href":"https:\/\/www.europesays.com\/fr\/wp-json\/wp\/v2\/categories?post=260987"},{"taxonomy":"post_tag","embeddable":true,"href":"https:\/\/www.europesays.com\/fr\/wp-json\/wp\/v2\/tags?post=260987"}],"curies":[{"name":"wp","href":"https:\/\/api.w.org\/{rel}","templated":true}]}}