{"id":260989,"date":"2025-07-20T11:45:15","date_gmt":"2025-07-20T11:45:15","guid":{"rendered":"https:\/\/www.europesays.com\/fr\/260989\/"},"modified":"2025-07-20T11:45:15","modified_gmt":"2025-07-20T11:45:15","slug":"quentin-merlin-et-valentin-rongier-quittent-le-club-un-transfert-xxl-pour-marseille","status":"publish","type":"post","link":"https:\/\/www.europesays.com\/fr\/260989\/","title":{"rendered":"Quentin Merlin et Valentin Rongier quittent le club, un transfert XXL pour Marseille"},"content":{"rendered":"<p style=\"text-align: justify;\"><strong>TRANSFERTS \u2013 Selon <a href=\"https:\/\/www.footmercato.net\/a9009252674930999589-om-accord-total-avec-rennes-pour-quentin-merlin-et-valentin-rongier\" rel=\"nofollow noopener\" target=\"_blank\">Foot Mercato<\/a>, Quentin Merlin et Valentin Rongier vont quitter l\u2019Olympique de Marseille pour rejoindre le Stade Rennais.<\/strong><\/p>\n<p style=\"text-align: justify;\">\u00c0 <strong>Marseille<\/strong>, tout s\u2019emballe ces derniers jours avec des mouvements \u00e0 venir dans les deux sens. Au niveau des arriv\u00e9es, <strong>Pierre-Emerick Aubameyang<\/strong>, <strong>Timothy Weah<\/strong> et <strong>Igor Paixao<\/strong> devraient \u00eatre les quatri\u00e8me, cinqui\u00e8me et sixi\u00e8me recrues du club. L\u2019<strong>OM<\/strong> pourrait encore recruter deux joueurs puisqu\u2019un d\u00e9fenseur central et un milieu de terrain sont toujours esp\u00e9r\u00e9s.<\/p>\n<p>Plus de 20 millions d\u2019euros pour Quentin Merlin et Valentin Rongier<\/p>\n<p style=\"text-align: justify;\">Pour finaliser son mercato dans le sens des arriv\u00e9es, l\u2019<strong>Olympique de Marseille<\/strong> doit aussi vendre et c\u2019est un double transfert qui va se conclure. <a href=\"https:\/\/dicodusport.fr\/blog\/transferts-om-le-stade-rennais-veut-quentin-merlin-et-valentin-rongier\/\" rel=\"nofollow noopener\" target=\"_blank\"><strong>Valentin<\/strong> <strong>Rongier<\/strong><\/a>, plac\u00e9 sur la liste des transferts depuis qu\u2019il a refus\u00e9 de prolonger, avait \u00e9t\u00e9 suivi par C\u00f4me, sans que l\u2019op\u00e9ration se r\u00e9alise. Il va finalement rebondir au <strong>Stade Rennais<\/strong> pour plusieurs saisons<\/p>\n<p style=\"text-align: justify;\"><strong>Valentin<\/strong> <strong>Rongier<\/strong> ne fera pas le voyage seul, puisque <strong>Quentin<\/strong> <strong>Merlin<\/strong> va aussi poser ses valises en <strong>Bretagne<\/strong>. L\u2019international espoirs va rejoindre <strong>Rennes<\/strong> pour remplacer <strong>Adrien<\/strong> <strong>Truffert<\/strong> qui a sign\u00e9 \u00e0 <strong>Bournemouth<\/strong>. Le <strong>Stade<\/strong> <strong>Rennais<\/strong> et l\u2019<strong>Olympique de Marseille<\/strong> sont tomb\u00e9s d\u2019accord pour un transfert de 22,5 millions d\u2019euros, bonus compris, pour les deux joueurs. Ils sont attendus la semaine prochaine dans leur nouveau club pour passer leur visite m\u00e9dical.<\/p>\n<p>\u00c0 ce sujet<br \/>\n<a href=\"https:\/\/dicodusport.fr\/blog\/mercato-om-2025-2026-le-tableau-complet-des-transferts-arrivees-et-departs\/\" class=\"vlp-link\" title=\"Mercato OM 2025-2026 : Le tableau complet des transferts, arriv\u00e9es et d\u00e9parts\" rel=\"nofollow noopener\" target=\"_blank\"><img loading=\"lazy\" decoding=\"async\" style=\"max-width: 792px;\" width=\"792\" height=\"445\" class=\"attachment-800x445 size-800x445 perfmatters-lazy\" alt=\"Mercato OM 2025-2026 Le tableau complet des transferts, arriv\u00e9es et d\u00e9parts\" src=\"https:\/\/www.europesays.com\/fr\/wp-content\/uploads\/2025\/06\/Mercato-OM-2025-2026-Le-tableau-complet-des-transferts-arrivees-et-departs.png\"  data-\/><\/p>\n<p>Mercato OM 2025-2026 : Le tableau complet des transferts, arriv\u00e9es et d\u00e9parts<\/p>\n<p>TRANSFERTS OM &#8211; Retrouvez tous les mouvements de l&rsquo;Olympique de Marseille pour l&rsquo;intersaison 2025 en Ligue 1. Arriv\u00e9es, d\u00e9part, pr\u00eats, transferts d\u00e9finitifs, ne ratez rien du mercato estival.\u00a0<\/p>\n<p>Lire l&rsquo;article<\/p>\n<p>dicodusport.fr<\/p>\n","protected":false},"excerpt":{"rendered":"TRANSFERTS \u2013 Selon Foot Mercato, Quentin Merlin et Valentin Rongier vont quitter l\u2019Olympique de Marseille pour rejoindre le&hellip;\n","protected":false},"author":2,"featured_media":260990,"comment_status":"","ping_status":"","sticky":false,"template":"","format":"standard","meta":{"footnotes":""},"categories":[2814],"tags":[1111,11,2113,1777,674,1011,27,884,23100,35942,12,882,25],"class_list":{"0":"post-260989","1":"post","2":"type-post","3":"status-publish","4":"format-standard","5":"has-post-thumbnail","7":"category-marseille","8":"tag-actu","9":"tag-actualites","10":"tag-breve","11":"tag-eu","12":"tag-europe","13":"tag-fr","14":"tag-france","15":"tag-marseille","16":"tag-mercato-football","17":"tag-mercatom","18":"tag-news","19":"tag-provence-alpes-cote-dazur","20":"tag-republique-francaise"},"share_on_mastodon":{"url":"https:\/\/pubeurope.com\/@fr\/114885396025289647","error":""},"_links":{"self":[{"href":"https:\/\/www.europesays.com\/fr\/wp-json\/wp\/v2\/posts\/260989","targetHints":{"allow":["GET"]}}],"collection":[{"href":"https:\/\/www.europesays.com\/fr\/wp-json\/wp\/v2\/posts"}],"about":[{"href":"https:\/\/www.europesays.com\/fr\/wp-json\/wp\/v2\/types\/post"}],"author":[{"embeddable":true,"href":"https:\/\/www.europesays.com\/fr\/wp-json\/wp\/v2\/users\/2"}],"replies":[{"embeddable":true,"href":"https:\/\/www.europesays.com\/fr\/wp-json\/wp\/v2\/comments?post=260989"}],"version-history":[{"count":0,"href":"https:\/\/www.europesays.com\/fr\/wp-json\/wp\/v2\/posts\/260989\/revisions"}],"wp:featuredmedia":[{"embeddable":true,"href":"https:\/\/www.europesays.com\/fr\/wp-json\/wp\/v2\/media\/260990"}],"wp:attachment":[{"href":"https:\/\/www.europesays.com\/fr\/wp-json\/wp\/v2\/media?parent=260989"}],"wp:term":[{"taxonomy":"category","embeddable":true,"href":"https:\/\/www.europesays.com\/fr\/wp-json\/wp\/v2\/categories?post=260989"},{"taxonomy":"post_tag","embeddable":true,"href":"https:\/\/www.europesays.com\/fr\/wp-json\/wp\/v2\/tags?post=260989"}],"curies":[{"name":"wp","href":"https:\/\/api.w.org\/{rel}","templated":true}]}}