{"id":260991,"date":"2025-07-20T11:46:09","date_gmt":"2025-07-20T11:46:09","guid":{"rendered":"https:\/\/www.europesays.com\/fr\/260991\/"},"modified":"2025-07-20T11:46:09","modified_gmt":"2025-07-20T11:46:09","slug":"les-gendarmes-affliges-par-le-comportement-des-automobilistes","status":"publish","type":"post","link":"https:\/\/www.europesays.com\/fr\/260991\/","title":{"rendered":"les gendarmes \u00ab\u00a0afflig\u00e9s\u00a0\u00bb par le comportement des automobilistes"},"content":{"rendered":"<p itemprop=\"description\"><strong>A l&rsquo;occasion du week-end prolong\u00e9 du 14 juillet, les forces de l&rsquo;ordre \u00e9taient sur le pont pour surveiller les axes routiers pris d&rsquo;assaut.<\/strong><\/p>\n<p>Et que ce soit pour arriver plus vite en vacances \u00e0 l&rsquo;aller ou \u00e0 la maison au retour, certains automobilistes ont clairement fait abstraction du code de la route.<\/p>\n<p>A tel point que les gendarmes de la brigade motoris\u00e9e de Dardilly ont qualifi\u00e9 les r\u00e9sultats de leurs contr\u00f4les de vitesse de \u00ab\u00a0particuli\u00e8rement affligeants\u00a0\u00bb !<\/p>\n<p>Post\u00e9s sur la RD302 \u00e0 Pusignan dans le Rh\u00f4ne, les militaires ont fait mouche. Et plusieurs conducteurs ont compris leur douleur.<\/p>\n<p>Sept individus ont \u00e9t\u00e9 flash\u00e9s entre 30 et 40km\/h au-dessus de la limit\u00e9 autoris\u00e9e et 2 l&rsquo;ont \u00e9t\u00e9 entre 40 et 50km\/.<\/p>\n<p>Deux automobilistes ont \u00e9t\u00e9 particuli\u00e8rement dangereux le week-end dernier.<\/p>\n<p>Le premier roulait \u00e0 134km\/h sur un axe limit\u00e9 \u00e0 90km\/h, et il n&rsquo;\u00e9tait pas titulaire du permis de conduire ! Le second, positif au cannabis, a \u00e9t\u00e9 flash\u00e9 \u00e0 160km\/h. Il sera prochainement jug\u00e9.<\/p>\n<p>Les gendarmes sont repartis avec trois permis de conduire confisqu\u00e9s et deux v\u00e9hicules embarqu\u00e9s par la fourri\u00e8re.<\/p>\n","protected":false},"excerpt":{"rendered":"A l&rsquo;occasion du week-end prolong\u00e9 du 14 juillet, les forces de l&rsquo;ordre \u00e9taient sur le pont pour surveiller&hellip;\n","protected":false},"author":2,"featured_media":260992,"comment_status":"","ping_status":"","sticky":false,"template":"","format":"standard","meta":{"footnotes":""},"categories":[1889],"tags":[1111,11,2813,2190,2430,1109,251,1112,2811,1777,674,118,1011,27,1922,1110,1114,2428,2810,12,241,316,25,2812,517,800],"class_list":{"0":"post-260991","1":"post","2":"type-post","3":"status-publish","4":"format-standard","5":"has-post-thumbnail","7":"category-lyon","8":"tag-actu","9":"tag-actualites","10":"tag-article","11":"tag-asvel","12":"tag-auvergne-rhone-alpes","13":"tag-breves","14":"tag-culture","15":"tag-depeches","16":"tag-economique","17":"tag-eu","18":"tag-europe","19":"tag-faits-divers","20":"tag-fr","21":"tag-france","22":"tag-info","23":"tag-informations","24":"tag-infos","25":"tag-lyon","26":"tag-lyonmag","27":"tag-news","28":"tag-ol","29":"tag-politique","30":"tag-republique-francaise","31":"tag-sociale","32":"tag-sport","33":"tag-transports"},"share_on_mastodon":{"url":"https:\/\/pubeurope.com\/@fr\/114885399965464774","error":""},"_links":{"self":[{"href":"https:\/\/www.europesays.com\/fr\/wp-json\/wp\/v2\/posts\/260991","targetHints":{"allow":["GET"]}}],"collection":[{"href":"https:\/\/www.europesays.com\/fr\/wp-json\/wp\/v2\/posts"}],"about":[{"href":"https:\/\/www.europesays.com\/fr\/wp-json\/wp\/v2\/types\/post"}],"author":[{"embeddable":true,"href":"https:\/\/www.europesays.com\/fr\/wp-json\/wp\/v2\/users\/2"}],"replies":[{"embeddable":true,"href":"https:\/\/www.europesays.com\/fr\/wp-json\/wp\/v2\/comments?post=260991"}],"version-history":[{"count":0,"href":"https:\/\/www.europesays.com\/fr\/wp-json\/wp\/v2\/posts\/260991\/revisions"}],"wp:featuredmedia":[{"embeddable":true,"href":"https:\/\/www.europesays.com\/fr\/wp-json\/wp\/v2\/media\/260992"}],"wp:attachment":[{"href":"https:\/\/www.europesays.com\/fr\/wp-json\/wp\/v2\/media?parent=260991"}],"wp:term":[{"taxonomy":"category","embeddable":true,"href":"https:\/\/www.europesays.com\/fr\/wp-json\/wp\/v2\/categories?post=260991"},{"taxonomy":"post_tag","embeddable":true,"href":"https:\/\/www.europesays.com\/fr\/wp-json\/wp\/v2\/tags?post=260991"}],"curies":[{"name":"wp","href":"https:\/\/api.w.org\/{rel}","templated":true}]}}