{"id":260996,"date":"2025-07-20T11:51:10","date_gmt":"2025-07-20T11:51:10","guid":{"rendered":"https:\/\/www.europesays.com\/fr\/260996\/"},"modified":"2025-07-20T11:51:10","modified_gmt":"2025-07-20T11:51:10","slug":"qui-est-ishowspeed-lenfant-terrible-de-youtube-qui-affole-paris","status":"publish","type":"post","link":"https:\/\/www.europesays.com\/fr\/260996\/","title":{"rendered":"Qui est IShowSpeed, l\u2019enfant terrible de YouTube qui affole Paris ?"},"content":{"rendered":"<p class=\"mb-4 text-lg md:leading-8 break-words\">Encore un visage que les plus de 40\u00a0ans ne pourront sans doute pas conna\u00eetre\u00a0! Et pourtant, chacun des d\u00e9placements d&rsquo;IShowSpeed, youtubeur am\u00e9ricain de 20\u00a0ans, est un v\u00e9ritable \u00e9v\u00e9nement. Connu \u00e0 ses d\u00e9buts pour son activit\u00e9 de jeu vid\u00e9o, le jeune homme s&rsquo;est lanc\u00e9 dans un nouveau tour du monde, cette ann\u00e9e, qu&rsquo;il documente en direct\u00a0sur Twitch et YouTube. Dans ce cadre, il \u00e9tait \u00e0 Paris ce samedi 19\u00a0juillet, escort\u00e9 par un service de s\u00e9curit\u00e9. Ses quelque 42\u00a0millions d&rsquo;abonn\u00e9s ont ainsi pu suivre en temps r\u00e9el ses p\u00e9r\u00e9grinations dans la capitale fran\u00e7aise. Une escale parmi d&rsquo;autres dans une tourn\u00e9e europ\u00e9enne entam\u00e9e le 7\u00a0juillet, au cours de laquelle il a d\u00e9j\u00e0 travers\u00e9 pas moins de douze pays en deux semaines.<\/p>\n<p class=\"mb-4 text-lg md:leading-8 break-words\">Pas effray\u00e9 par les clich\u00e9s, le jeune homme, c\u00e9l\u00e8bre pour d\u00e9clencher des mouvements de foule \u00e0 chacun de ses d\u00e9placements, a entam\u00e9 sa journ\u00e9e au pied de la tour Eiffel. Sur le Champ-de-Mars, il a encha\u00een\u00e9 un combat de boxe avec un fan, une partie de bonneteau, puis un match de foot avec quelques ados qui le suivaient \u00e0 la trace. On l&rsquo;a aussi vu faire un tour du p\u00e9riph en scooter, s&rsquo;\u00e9lancer en tyrolienne au-dessus du Parc des princes, tester les toilettes publiques de la capitale ou encore engloutir des tacos dans un restaurant. Le tout, \u00e9videmment, diffus\u00e9 en direct \u00e0 des millions de spectateurs.<\/p>\n<p class=\"mb-4 text-lg md:leading-8 break-words\">IShowSpeed qui fait de la tyrolienne dans le Parc Des Princes \u00e0 Paris<\/p>\n<p>Le divertissement \ufffd\ufffd <a href=\"https:\/\/t.co\/RfN1vxKQJ0\" rel=\"nofollow noopener\" target=\"_blank\" data-ylk=\"slk:pic.twitter.com\/RfN1vxKQJ0;elm:context_link;itc:0;sec:content-canvas\" class=\"link \">pic.twitter.com\/RfN1vxKQJ0<\/a><\/p>\n<p class=\"mb-4 text-lg md:leading-8 break-words\">\u2014 Top De Twitch \ufffd\ufffd (@TopDeTwit [&#8230;] <a href=\"https:\/\/www.lepoint.fr\/societe\/qui-est-ishowspeed-l-enfant-terrible-de-youtube-qui-affole-paris-20-07-2025-2594742_23.php\" rel=\"nofollow noopener\" target=\"_blank\" data-ylk=\"slk:Lire la suite;elm:context_link;itc:0;sec:content-canvas\" class=\"link \">Lire la suite<\/a><\/p>\n<p><script async src=\"https:\/\/platform.twitter.com\/widgets.js\" charset=\"utf-8\"><\/script><\/p>\n","protected":false},"excerpt":{"rendered":"Encore un visage que les plus de 40\u00a0ans ne pourront sans doute pas conna\u00eetre\u00a0! Et pourtant, chacun des&hellip;\n","protected":false},"author":2,"featured_media":260997,"comment_status":"","ping_status":"","sticky":false,"template":"","format":"standard","meta":{"footnotes":""},"categories":[1888],"tags":[1111,1928,11,1927,40087,1777,674,1011,27,25485,40086,12,1926,2334,626,1925,25,12680],"class_list":{"0":"post-260996","1":"post","2":"type-post","3":"status-publish","4":"format-standard","5":"has-post-thumbnail","7":"category-paris","8":"tag-actu","9":"tag-actu-paris","10":"tag-actualites","11":"tag-actualites-paris","12":"tag-combat-de-boxe","13":"tag-eu","14":"tag-europe","15":"tag-fr","16":"tag-france","17":"tag-match-de-foot","18":"tag-mouvements-de-foule","19":"tag-news","20":"tag-news-paris","21":"tag-parc-des-princes","22":"tag-paris","23":"tag-paris-news","24":"tag-republique-francaise","25":"tag-service-de-securite"},"share_on_mastodon":{"url":"https:\/\/pubeurope.com\/@fr\/114885419602480494","error":""},"_links":{"self":[{"href":"https:\/\/www.europesays.com\/fr\/wp-json\/wp\/v2\/posts\/260996","targetHints":{"allow":["GET"]}}],"collection":[{"href":"https:\/\/www.europesays.com\/fr\/wp-json\/wp\/v2\/posts"}],"about":[{"href":"https:\/\/www.europesays.com\/fr\/wp-json\/wp\/v2\/types\/post"}],"author":[{"embeddable":true,"href":"https:\/\/www.europesays.com\/fr\/wp-json\/wp\/v2\/users\/2"}],"replies":[{"embeddable":true,"href":"https:\/\/www.europesays.com\/fr\/wp-json\/wp\/v2\/comments?post=260996"}],"version-history":[{"count":0,"href":"https:\/\/www.europesays.com\/fr\/wp-json\/wp\/v2\/posts\/260996\/revisions"}],"wp:featuredmedia":[{"embeddable":true,"href":"https:\/\/www.europesays.com\/fr\/wp-json\/wp\/v2\/media\/260997"}],"wp:attachment":[{"href":"https:\/\/www.europesays.com\/fr\/wp-json\/wp\/v2\/media?parent=260996"}],"wp:term":[{"taxonomy":"category","embeddable":true,"href":"https:\/\/www.europesays.com\/fr\/wp-json\/wp\/v2\/categories?post=260996"},{"taxonomy":"post_tag","embeddable":true,"href":"https:\/\/www.europesays.com\/fr\/wp-json\/wp\/v2\/tags?post=260996"}],"curies":[{"name":"wp","href":"https:\/\/api.w.org\/{rel}","templated":true}]}}