{"id":261002,"date":"2025-07-20T11:54:11","date_gmt":"2025-07-20T11:54:11","guid":{"rendered":"https:\/\/www.europesays.com\/fr\/261002\/"},"modified":"2025-07-20T11:54:11","modified_gmt":"2025-07-20T11:54:11","slug":"aliev-exprime-son-mecontentement-envers-moscou-et-lazerbaidjan-prepare-une-action-en-justice-internationale-contre-la-russie","status":"publish","type":"post","link":"https:\/\/www.europesays.com\/fr\/261002\/","title":{"rendered":"Aliev exprime son m\u00e9contentement envers Moscou et l&rsquo;Azerba\u00efdjan pr\u00e9pare une action en justice internationale contre la Russie"},"content":{"rendered":"<p>L\u2019Azerba\u00efdjan pr\u00e9pare des documents en vue d\u2019une action en justice contre la Russie devant les tribunaux internationaux concernant le crash d\u2019un avion d\u2019Azerbaijan Airlines (AZAL) au Kazakhstan en d\u00e9cembre 2024.<\/p>\n<p>Information annonc\u00e9e par le pr\u00e9sident Ilham Aliev.<\/p>\n<p>Selon lui, depuis sept mois, l\u2019Azerba\u00efdjan n\u2019a re\u00e7u \u00ab aucune r\u00e9ponse claire de la part de la Russie \u00bb.<\/p>\n<p>Il a indiqu\u00e9 que le procureur g\u00e9n\u00e9ral d\u2019Azerba\u00efdjan envoie r\u00e9guli\u00e8rement des demandes de renseignements au Comit\u00e9 d\u2019enqu\u00eate russe, mais que seule la mention \u00ab l\u2019enqu\u00eate est en cours \u00bb est entendue en r\u00e9ponse. Aliev a qualifi\u00e9 cette position de \u00ab contreproductive \u00bb.<\/p>\n<p>\u00ab Nous savons ce qui s\u2019est pass\u00e9 et nous pouvons le prouver. Nous savons que les responsables russes sont \u00e9galement au courant. La question est de savoir pourquoi ils ne font pas ce que n\u2019importe quel voisin ferait dans une situation similaire \u00bb, a d\u00e9clar\u00e9 Aliev.<\/p>\n<p>L\u2019avion AZAL s\u2019est \u00e9cras\u00e9 pr\u00e8s de l\u2019a\u00e9roport d\u2019Aktau, au Kazakhstan, le 25 d\u00e9cembre 2024.<\/p>\n<p>La catastrophe a fait 38 morts, dont sept Russes. Apr\u00e8s le crash, Aliev a d\u00e9clar\u00e9 que l\u2019avion avait \u00e9t\u00e9 endommag\u00e9 par un impact externe pr\u00e8s de Grozny, entra\u00eenant une perte de contr\u00f4le. Le Kremlin a expliqu\u00e9 qu\u2019au moment o\u00f9 l\u2019avion tentait d\u2019atterrir \u00e0 l\u2019a\u00e9roport de Grozny, la r\u00e9gion, notamment Mozdok et Vladikavkaz, \u00e9tait attaqu\u00e9e par des drones ukrainiens.<\/p>\n<p>Le pr\u00e9sident russe Vladimir Poutine a appel\u00e9 Aliyev et lui a pr\u00e9sent\u00e9 ses excuses pour le fait que \u00ab l\u2019incident tragique de l\u2019avion ait eu lieu dans l\u2019espace a\u00e9rien russe \u00bb.<\/p>\n<p>\u00a0<\/p>\n<p>Krikor Amirzayan<\/p>\n<p>\u00a0<\/p>\n","protected":false},"excerpt":{"rendered":"L\u2019Azerba\u00efdjan pr\u00e9pare des documents en vue d\u2019une action en justice contre la Russie devant les tribunaux internationaux concernant&hellip;\n","protected":false},"author":2,"featured_media":261003,"comment_status":"","ping_status":"","sticky":false,"template":"","format":"standard","meta":{"footnotes":""},"categories":[1591],"tags":[11,15149,312,1887,303,12,1885,1886,132],"class_list":{"0":"post-261002","1":"post","2":"type-post","3":"status-publish","4":"format-standard","5":"has-post-thumbnail","7":"category-russie","8":"tag-actualites","9":"tag-azerbaidjan","10":"tag-diplomatie","11":"tag-federation-de-russie","12":"tag-justice","13":"tag-news","14":"tag-russia","15":"tag-russian-federation","16":"tag-russie"},"share_on_mastodon":{"url":"https:\/\/pubeurope.com\/@fr\/114885431367348918","error":""},"_links":{"self":[{"href":"https:\/\/www.europesays.com\/fr\/wp-json\/wp\/v2\/posts\/261002","targetHints":{"allow":["GET"]}}],"collection":[{"href":"https:\/\/www.europesays.com\/fr\/wp-json\/wp\/v2\/posts"}],"about":[{"href":"https:\/\/www.europesays.com\/fr\/wp-json\/wp\/v2\/types\/post"}],"author":[{"embeddable":true,"href":"https:\/\/www.europesays.com\/fr\/wp-json\/wp\/v2\/users\/2"}],"replies":[{"embeddable":true,"href":"https:\/\/www.europesays.com\/fr\/wp-json\/wp\/v2\/comments?post=261002"}],"version-history":[{"count":0,"href":"https:\/\/www.europesays.com\/fr\/wp-json\/wp\/v2\/posts\/261002\/revisions"}],"wp:featuredmedia":[{"embeddable":true,"href":"https:\/\/www.europesays.com\/fr\/wp-json\/wp\/v2\/media\/261003"}],"wp:attachment":[{"href":"https:\/\/www.europesays.com\/fr\/wp-json\/wp\/v2\/media?parent=261002"}],"wp:term":[{"taxonomy":"category","embeddable":true,"href":"https:\/\/www.europesays.com\/fr\/wp-json\/wp\/v2\/categories?post=261002"},{"taxonomy":"post_tag","embeddable":true,"href":"https:\/\/www.europesays.com\/fr\/wp-json\/wp\/v2\/tags?post=261002"}],"curies":[{"name":"wp","href":"https:\/\/api.w.org\/{rel}","templated":true}]}}