{"id":261010,"date":"2025-07-20T11:58:09","date_gmt":"2025-07-20T11:58:09","guid":{"rendered":"https:\/\/www.europesays.com\/fr\/261010\/"},"modified":"2025-07-20T11:58:09","modified_gmt":"2025-07-20T11:58:09","slug":"qui-sont-les-patrouilles-citoyennes-qui-traquent-les-migrants-a-la-frontiere-entre-la-pologne-et-lallemagne-liberation","status":"publish","type":"post","link":"https:\/\/www.europesays.com\/fr\/261010\/","title":{"rendered":"Qui sont les \u00abpatrouilles citoyennes\u00bb qui traquent les migrants \u00e0 la fronti\u00e8re entre la Pologne et l\u2019Allemagne\u00a0? \u2013 Lib\u00e9ration"},"content":{"rendered":"<p class=\"sc-ksZaOG ehjQrN text-element\">Face cam\u00e9ra, torses nus, visages masqu\u00e9s par des cagoules, un groupe d\u2019hommes mena\u00e7ants se tient \u00e0 quelques m\u00e8tres du panneau marquant la fronti\u00e8re polonaise. Au centre, le seul qui montre son visage est Denis Romek, un combattant polonais de bare knuckle, une forme violente de boxe \u00e0 mains nues. \u00abVous ne savez pas ce qui se passe dans notre pays ? Nous d\u00e9fendons les fronti\u00e8res polonaises pour qu\u2019aucun salaud ne puisse nous baiser. A tous les pseudo-ing\u00e9nieurs bronz\u00e9s : vous entrez dans notre pays \u00e0 vos risques et p\u00e9rils !\u00bb grogne le boxeur, dans une mise en sc\u00e8ne mimant un micro-trottoir.<\/p>\n<p class=\"sc-ksZaOG ehjQrN text-element\">Mise en ligne le 7 juillet aux c\u00f4t\u00e9s d\u2019autres vid\u00e9os promotionnelles pour une cha\u00eene de combat surfant sur le racisme et la chasse aux \u00e9trangers, cette sc\u00e8ne a \u00e9t\u00e9 tourn\u00e9e \u00e0 Zgorzelec, ville frontali\u00e8re de l\u2019ouest de la Pologne. S\u00e9par\u00e9e par la rivi\u00e8re Neisse de Lusace, c\u00f4t\u00e9 allemand, cette commune d\u2019environ 30 000 habitants est devenue un des points de rendez-vous des \u00abpatrouilles de citoyens\u00bb oppos\u00e9es \u00e0 l\u2019immigration. Persuad\u00e9s que la police allemande inonde leur pays de migrants africains, dont l\u2019Allemagne ne veut pas, ces milices v\u00eatues de treillis militaires et de gilets jaunes ont d\u00e9cid\u00e9 de s\u2019organiser. Dans leur ligne de mire : les Noirs, les Arabes, les musulmans, mais aussi les Ukrainiens. Tout ce qui ne rentre pas dans leur vision identitaire d\u2019une Pologne blanche et catholique.<\/p>\n<p class=\"sc-ksZaOG ehjQrN text-element\">L\u2019apparition de ces patrouilles le long de la fronti\u00e8re allemande remonte \u00e0 la fin du mois <\/p>\n","protected":false},"excerpt":{"rendered":"Face cam\u00e9ra, torses nus, visages masqu\u00e9s par des cagoules, un groupe d\u2019hommes mena\u00e7ants se tient \u00e0 quelques m\u00e8tres&hellip;\n","protected":false},"author":2,"featured_media":261011,"comment_status":"","ping_status":"","sticky":false,"template":"","format":"standard","meta":{"footnotes":""},"categories":[1587],"tags":[11,672,1804,1805,1803,1777,674,1076,1801,12,2437,10162,1802],"class_list":{"0":"post-261010","1":"post","2":"type-post","3":"status-publish","4":"format-standard","5":"has-post-thumbnail","7":"category-allemagne","8":"tag-actualites","9":"tag-allemagne","10":"tag-bundesrepublik-deutschland","11":"tag-de","12":"tag-deutschland","13":"tag-eu","14":"tag-europe","15":"tag-extreme-droite","16":"tag-germany","17":"tag-news","18":"tag-pologne","19":"tag-racisme","20":"tag-republique-federale-dallemagne"},"share_on_mastodon":{"url":"https:\/\/pubeurope.com\/@fr\/114885447183785572","error":""},"_links":{"self":[{"href":"https:\/\/www.europesays.com\/fr\/wp-json\/wp\/v2\/posts\/261010","targetHints":{"allow":["GET"]}}],"collection":[{"href":"https:\/\/www.europesays.com\/fr\/wp-json\/wp\/v2\/posts"}],"about":[{"href":"https:\/\/www.europesays.com\/fr\/wp-json\/wp\/v2\/types\/post"}],"author":[{"embeddable":true,"href":"https:\/\/www.europesays.com\/fr\/wp-json\/wp\/v2\/users\/2"}],"replies":[{"embeddable":true,"href":"https:\/\/www.europesays.com\/fr\/wp-json\/wp\/v2\/comments?post=261010"}],"version-history":[{"count":0,"href":"https:\/\/www.europesays.com\/fr\/wp-json\/wp\/v2\/posts\/261010\/revisions"}],"wp:featuredmedia":[{"embeddable":true,"href":"https:\/\/www.europesays.com\/fr\/wp-json\/wp\/v2\/media\/261011"}],"wp:attachment":[{"href":"https:\/\/www.europesays.com\/fr\/wp-json\/wp\/v2\/media?parent=261010"}],"wp:term":[{"taxonomy":"category","embeddable":true,"href":"https:\/\/www.europesays.com\/fr\/wp-json\/wp\/v2\/categories?post=261010"},{"taxonomy":"post_tag","embeddable":true,"href":"https:\/\/www.europesays.com\/fr\/wp-json\/wp\/v2\/tags?post=261010"}],"curies":[{"name":"wp","href":"https:\/\/api.w.org\/{rel}","templated":true}]}}