{"id":261012,"date":"2025-07-20T11:59:10","date_gmt":"2025-07-20T11:59:10","guid":{"rendered":"https:\/\/www.europesays.com\/fr\/261012\/"},"modified":"2025-07-20T11:59:10","modified_gmt":"2025-07-20T11:59:10","slug":"8-des-plus-beaux-trains-de-nuit-deurope","status":"publish","type":"post","link":"https:\/\/www.europesays.com\/fr\/261012\/","title":{"rendered":"8 des plus beaux trains de nuit d\u2019Europe"},"content":{"rendered":"<p>Les <a href=\"https:\/\/www.elle.be\/fr\/414707-3-citytrips-a-moins-de-2h-de-train-a-faire-durgence-cet-hiver.html\" target=\"_blank\" rel=\"noopener\" data-wpel-link=\"internal\">trains<\/a> de nuit, longtemps rel\u00e9gu\u00e9s au rang de souvenirs de grand-m\u00e8re, op\u00e8rent un retour flamboyant. Plus \u00e9colos, plus po\u00e9tiques, souvent moins chers qu\u2019un vol + h\u00f4tel, ils reconnectent \u00e0 une certaine id\u00e9e du voyage : celle o\u00f9 le trajet compte autant voire plus que la destination. On a s\u00e9lectionn\u00e9 les plus belles lignes d\u2019Europe.\u00a0<\/p>\n<p>1. De Milan \u00e0 Palerme : pour admirer l\u2019Italie en long et en large<\/p>\n<blockquote class=\"instagram-media\" style=\"background: #FFF; border: 0; border-radius: 3px; box-shadow: 0 0 1px 0 rgba(0,0,0,0.5),0 1px 10px 0 rgba(0,0,0,0.15); margin: 1px; max-width: 540px; min-width: 326px; padding: 0; width: calc(100% - 2px);\" data-instgrm-permalink=\"https:\/\/www.instagram.com\/p\/CEzhw7eMGyb\/?utm_source=ig_embed&amp;utm_campaign=loading\" data-instgrm-version=\"14\">\n<\/blockquote>\n<p>Le mythique Intercity Notte embarque depuis Milan et file vers la pointe sud de la botte avant de traverser le d\u00e9troit de Messine en ferry pour rejoindre la Sicile. On s\u2019endort entre les murs ocres de Florence, on se r\u00e9veille au sud de Naples avec vue sur la mer Tyrrh\u00e9nienne. Plus de 20 heures de Dolce Vita, sans jamais quitter son wagon.<\/p>\n<p><strong>Dur\u00e9e :<\/strong> 21h<\/p>\n<p><strong>\u00c0 partir de :<\/strong> 39,90\u20ac (couchette 4 personnes)<\/p>\n<p><a href=\"https:\/\/www.italiarail.com\" target=\"_blank\" rel=\"noopener external noreferrer\" data-wpel-link=\"external\">italiarail.com<\/a><\/p>\n<p>2. De Paris \u00e0 Nice : pour admirer la Riviera \u00e0 l\u2019aube<\/p>\n<blockquote class=\"instagram-media\" style=\"background: #FFF; border: 0; border-radius: 3px; box-shadow: 0 0 1px 0 rgba(0,0,0,0.5),0 1px 10px 0 rgba(0,0,0,0.15); margin: 1px; max-width: 540px; min-width: 326px; padding: 0; width: calc(100% - 2px);\" data-instgrm-permalink=\"https:\/\/www.instagram.com\/p\/DI-6lUysFlB\/?utm_source=ig_embed&amp;utm_campaign=loading\" data-instgrm-version=\"14\">\n<\/blockquote>\n<p>Disparu en 2017, ressuscit\u00e9 en 2021, le train de nuit Paris-Nice renoue avec l\u2019\u00e2ge d\u2019or du rail fran\u00e7ais. Tapis moelleux, compartiments r\u00e9nov\u00e9s, et lever de soleil sur les eaux turquoise de la C\u00f4te d\u2019Azur. La magie op\u00e8re d\u00e8s l\u2019instant o\u00f9 le wagon s\u2019\u00e9broue dans la nuit parisienne. Cannes, Antibes, Nice\u2026 comme un g\u00e9n\u00e9rique de film vintage.<\/p>\n<p><strong>Dur\u00e9e :<\/strong> 12h<\/p>\n<p><strong>\u00c0 partir de :<\/strong> 29\u20ac (couchette 6 personnes)<\/p>\n<p><a href=\"https:\/\/www.sncf-connect.com\/fr-be?esl-k=google-ads%7Cng%7Cc576573174669%7Cmb%7Cksncf%20connect%7Cp%7Ct%7Cdc%7Ca136240019007%7Cg15765201559&amp;gclsrc=aw.ds&amp;&amp;prex=SEA&amp;gad_source=1&amp;gad_campaignid=15765201559&amp;gbraid=0AAAAAD2tsGe53r5NyBJYYDTLe07ZlPkve&amp;gclid=CjwKCAjw1dLDBhBoEiwAQNRiQWG_tn4MGgiT6okf6dxA8F6aayu6VZOb2OOjjX-PY1y-jRrwEtd0ShoC0BMQAvD_BwE\" target=\"_blank\" rel=\"noopener external noreferrer\" data-wpel-link=\"external\">sncf-connect.com<\/a><\/p>\n<p>3. De Bruxelles \u00e0 Prague : pour son charme surann\u00e9<\/p>\n<blockquote class=\"instagram-media\" style=\"background: #FFF; border: 0; border-radius: 3px; box-shadow: 0 0 1px 0 rgba(0,0,0,0.5),0 1px 10px 0 rgba(0,0,0,0.15); margin: 1px; max-width: 540px; min-width: 326px; padding: 0; width: calc(100% - 2px);\" data-instgrm-permalink=\"https:\/\/www.instagram.com\/p\/DFZ1MTFt6P2\/?utm_source=ig_embed&amp;utm_campaign=loading\" data-instgrm-version=\"14\">\n<\/blockquote>\n<p>C\u2019est le nouveau b\u00e9b\u00e9 de l\u2019op\u00e9rateur ind\u00e9pendant European Sleeper. Le train relie Bruxelles \u00e0 Prague en passant par Amsterdam, Berlin, puis les gorges verdoyantes de la Suisse saxonne. Le confort est rustique (voitures des ann\u00e9es 80), mais le charme intact. Et au petit matin, Prague se d\u00e9voile.<\/p>\n<p><strong>Dur\u00e9e :<\/strong> 15h environ<\/p>\n<p><strong>\u00c0 partir de :<\/strong> 79\u20ac (couchette 6 personnes)<\/p>\n<p><a href=\"https:\/\/europeansleeper.eu\" target=\"_blank\" rel=\"noopener external noreferrer\" data-wpel-link=\"external\">europeansleeper.eu<\/a><\/p>\n<p>4. De Stockholm \u00e0 Narvik : pour rejoindre le cercle polaire en ligne directe<\/p>\n<blockquote class=\"instagram-media\" style=\"background: #FFF; border: 0; border-radius: 3px; box-shadow: 0 0 1px 0 rgba(0,0,0,0.5),0 1px 10px 0 rgba(0,0,0,0.15); margin: 1px; max-width: 540px; min-width: 326px; padding: 0; width: calc(100% - 2px);\" data-instgrm-permalink=\"https:\/\/www.instagram.com\/reel\/DAMcB6tOjSB\/?utm_source=ig_embed&amp;utm_campaign=loading\" data-instgrm-version=\"14\">\n<\/blockquote>\n<p>Une ligne longue de 1360 kilom\u00e8tres, un train qui traverse la Scandinavie comme dans un roman de Selma Lagerl\u00f6f. De Stockholm \u00e0 la ville norv\u00e9gienne de Narvik, via la Laponie et ses aurores bor\u00e9ales l\u2019hiver ou ses nuits blanches l\u2019\u00e9t\u00e9. Bonus : un wagon-restaurant scandi-chic et des vues \u00e0 couper le souffle sur les fjords et les for\u00eats.<\/p>\n<p><strong>Dur\u00e9e :<\/strong> 18h30<\/p>\n<p><strong>\u00c0 partir de :<\/strong> 70\u20ac<\/p>\n<p><a href=\"https:\/\/www.sj.se\" target=\"_blank\" rel=\"noopener external noreferrer\" data-wpel-link=\"external\">sj.se<\/a><\/p>\n<p><b>5. D\u2019Amsterdam \u00e0 Innsbruck : pour tester le train capsule<\/b><\/p>\n<blockquote class=\"instagram-media\" style=\"background: #FFF; border: 0; border-radius: 3px; box-shadow: 0 0 1px 0 rgba(0,0,0,0.5),0 1px 10px 0 rgba(0,0,0,0.15); margin: 1px; max-width: 540px; min-width: 326px; padding: 0; width: calc(100% - 2px);\" data-instgrm-permalink=\"https:\/\/www.instagram.com\/p\/C-CN8msP6US\/?utm_source=ig_embed&amp;utm_campaign=loading\" data-instgrm-version=\"14\">\n<\/blockquote>\n<p>Bienvenue dans les NightJet nouvelle g\u00e9n\u00e9ration. Les trains de la compagnie autrichienne \u00d6BB accueillent d\u00e9sormais des cabines capsules individuelles, fa\u00e7on h\u00f4tel japonais, pour dormir en solo \u00e0 prix doux. Wi-Fi \u00e0 bord, douches privatives, design \u00e9pur\u00e9\u2026 et une arriv\u00e9e au petit matin dans les Alpes tyroliennes.<\/p>\n<p><strong>Dur\u00e9e :<\/strong> 14h<\/p>\n<p><strong>\u00c0 partir de :<\/strong> 49,90\u20ac<\/p>\n<p><a href=\"https:\/\/www.nightjet.com\/#\/home\" target=\"_blank\" rel=\"noopener external noreferrer\" data-wpel-link=\"external\">nightjet.com<\/a><\/p>\n<p>6. De Zurich \u00e0 Zagreb : pour en prendre plein les yeux<\/p>\n<blockquote class=\"instagram-media\" style=\"background: #FFF; border: 0; border-radius: 3px; box-shadow: 0 0 1px 0 rgba(0,0,0,0.5),0 1px 10px 0 rgba(0,0,0,0.15); margin: 1px; max-width: 540px; min-width: 326px; padding: 0; width: calc(100% - 2px);\" data-instgrm-permalink=\"https:\/\/www.instagram.com\/p\/DLhvCO7y7nQ\/?utm_source=ig_embed&amp;utm_campaign=loading\" data-instgrm-version=\"14\">\n<\/blockquote>\n<p>Sans doute l\u2019un des plus beaux parcours ferroviaires d\u2019Europe. Ce train relie la Suisse \u00e0 la Croatie en traversant les Alpes autrichiennes, la Slov\u00e9nie (avec un stop \u00e0 Bled et Ljubljana), puis longe la Sava jusqu\u2019\u00e0 Zagreb. Pour les plus curieux\u00b7ses, le voyage peut se prolonger jusqu\u2019\u00e0 Split.<\/p>\n<p><strong>Dur\u00e9e :<\/strong> env. 15h<\/p>\n<p><strong>\u00c0 partir de :<\/strong> 49,90\u20ac<\/p>\n<p><a href=\"https:\/\/www.oebb.at\" target=\"_blank\" rel=\"noopener external noreferrer\" data-wpel-link=\"external\">oebb.at<\/a><\/p>\n<p>7. De Stockholm \u00e0 Berlin : pour les pancakes bio et les schnitzels<\/p>\n<blockquote class=\"instagram-media\" style=\"background: #FFF; border: 0; border-radius: 3px; box-shadow: 0 0 1px 0 rgba(0,0,0,0.5),0 1px 10px 0 rgba(0,0,0,0.15); margin: 1px; max-width: 540px; min-width: 326px; padding: 0; width: calc(100% - 2px);\" data-instgrm-permalink=\"https:\/\/www.instagram.com\/p\/CJbUsG6hOcX\/?utm_source=ig_embed&amp;utm_campaign=loading\" data-instgrm-version=\"14\">\n<\/blockquote>\n<p>Op\u00e9r\u00e9 par Sn\u00e4llt\u00e5get, ce train ind\u00e9pendant su\u00e9dois sent bon la nostalgie. Pas de cabines priv\u00e9es, mais un wagon-restaurant nomm\u00e9 Krogen o\u00f9 l\u2019on sert des schnitzels au fromage et des pancakes aux fraises. On longe la mer Baltique, on traverse le pont de Copenhague, et on d\u00e9barque au petit matin dans la capitale encore endormie.<\/p>\n<p><strong>Dur\u00e9e :<\/strong> env. 17h<\/p>\n<p><strong>\u00c0 partir de :<\/strong> 74\u20ac<\/p>\n<p><a href=\"https:\/\/www.snalltaget.se\" target=\"_blank\" rel=\"noopener external noreferrer\" data-wpel-link=\"external\">snalltaget.se<\/a><\/p>\n<p>8. De Vienne \u00e0 Bucarest : pour plonger dans l\u2019univers de Dracula<\/p>\n<blockquote class=\"instagram-media\" style=\"background: #FFF; border: 0; border-radius: 3px; box-shadow: 0 0 1px 0 rgba(0,0,0,0.5),0 1px 10px 0 rgba(0,0,0,0.15); margin: 1px; max-width: 540px; min-width: 326px; padding: 0; width: calc(100% - 2px);\" data-instgrm-permalink=\"https:\/\/www.instagram.com\/p\/DGar8IHIJn1\/?utm_source=ig_embed&amp;utm_campaign=loading\" data-instgrm-version=\"14\">\n<\/blockquote>\n<p>Un d\u00e9part imp\u00e9rial depuis la gare de Vienne, une travers\u00e9e du Danube, une nuit sur les plaines hongroises, puis le r\u00e9veil en Transylvanie\u2026 Difficile de faire plus romanesque. Ce train baptis\u00e9 Dacia permet aussi de s\u2019arr\u00eater \u00e0 Sighi\u0219oara ou Brasov, pour prolonger l\u2019ambiance Dracula. Moins glam : pas de wagon-restaurant, mais un charme surann\u00e9 intact.<\/p>\n<p><strong>Dur\u00e9e :<\/strong> 19h<\/p>\n<p><strong>\u00c0 partir de :<\/strong> 59\u20ac<\/p>\n<p><a href=\"https:\/\/www.cfrcalatori.ro\" target=\"_blank\" rel=\"noopener external noreferrer\" data-wpel-link=\"external\">cfrcalatori.ro<\/a><\/p>\n<p><script async src=\"\/\/www.instagram.com\/embed.js\"><\/script><\/p>\n","protected":false},"excerpt":{"rendered":"Les trains de nuit, longtemps rel\u00e9gu\u00e9s au rang de souvenirs de grand-m\u00e8re, op\u00e8rent un retour flamboyant. Plus \u00e9colos,&hellip;\n","protected":false},"author":2,"featured_media":261013,"comment_status":"","ping_status":"","sticky":false,"template":"","format":"standard","meta":{"footnotes":""},"categories":[1586],"tags":[11,1777,674,1011,27,12,25,926],"class_list":{"0":"post-261012","1":"post","2":"type-post","3":"status-publish","4":"format-standard","5":"has-post-thumbnail","7":"category-europe","8":"tag-actualites","9":"tag-eu","10":"tag-europe","11":"tag-fr","12":"tag-france","13":"tag-news","14":"tag-republique-francaise","15":"tag-train"},"share_on_mastodon":{"url":"https:\/\/pubeurope.com\/@fr\/114885451127211010","error":""},"_links":{"self":[{"href":"https:\/\/www.europesays.com\/fr\/wp-json\/wp\/v2\/posts\/261012","targetHints":{"allow":["GET"]}}],"collection":[{"href":"https:\/\/www.europesays.com\/fr\/wp-json\/wp\/v2\/posts"}],"about":[{"href":"https:\/\/www.europesays.com\/fr\/wp-json\/wp\/v2\/types\/post"}],"author":[{"embeddable":true,"href":"https:\/\/www.europesays.com\/fr\/wp-json\/wp\/v2\/users\/2"}],"replies":[{"embeddable":true,"href":"https:\/\/www.europesays.com\/fr\/wp-json\/wp\/v2\/comments?post=261012"}],"version-history":[{"count":0,"href":"https:\/\/www.europesays.com\/fr\/wp-json\/wp\/v2\/posts\/261012\/revisions"}],"wp:featuredmedia":[{"embeddable":true,"href":"https:\/\/www.europesays.com\/fr\/wp-json\/wp\/v2\/media\/261013"}],"wp:attachment":[{"href":"https:\/\/www.europesays.com\/fr\/wp-json\/wp\/v2\/media?parent=261012"}],"wp:term":[{"taxonomy":"category","embeddable":true,"href":"https:\/\/www.europesays.com\/fr\/wp-json\/wp\/v2\/categories?post=261012"},{"taxonomy":"post_tag","embeddable":true,"href":"https:\/\/www.europesays.com\/fr\/wp-json\/wp\/v2\/tags?post=261012"}],"curies":[{"name":"wp","href":"https:\/\/api.w.org\/{rel}","templated":true}]}}