{"id":261014,"date":"2025-07-20T12:00:09","date_gmt":"2025-07-20T12:00:09","guid":{"rendered":"https:\/\/www.europesays.com\/fr\/261014\/"},"modified":"2025-07-20T12:00:09","modified_gmt":"2025-07-20T12:00:09","slug":"lunion-europeenne-assigne-la-france-en-justice-pour-son-logo-triman","status":"publish","type":"post","link":"https:\/\/www.europesays.com\/fr\/261014\/","title":{"rendered":"l\u2019Union europ\u00e9enne assigne la France en justice pour son logo \u00ab\u00a0Triman\u00a0\u00bb"},"content":{"rendered":"<p>Le logo \u00ab\u00a0Triman\u00a0\u00bb est dans le viseur de la Commission europ\u00e9enne, qui a annonc\u00e9 jeudi 17\u00a0juillet avoir saisi la Cour de justice de l\u2019Union europ\u00e9enne contre la France pour contester l\u2019\u00e9tiquetage obligatoire des <a href=\"https:\/\/www.laprovence.com\/article\/region\/52931829475340\/dans-les-alpes-de-haute-provence-la-laine-de-verre-entre-dans-la-boucle-du-recyclage\" target=\"_blank\" rel=\"noopener\">produits recyclables<\/a>.<\/p>\n<p>Instaur\u00e9 en\u00a02015 et rendu obligatoire en\u00a02022, le logo \u00ab\u00a0Triman\u00a0\u00bb est ce personnage \u00e0 trois fl\u00e8ches qui indique aux consommateurs qu\u2019un produit ou un emballage ne doit pas \u00eatre jet\u00e9 avec les ordures m\u00e9nag\u00e8res, mais dans la <a href=\"https:\/\/www.laprovence.com\/article\/societe\/21554819175976\/la-situation-sanitaire-est-grave-tarascon-est-envahie-par-des-montagnes-de-poubelles\" target=\"_blank\" rel=\"noopener\">poubelle<\/a> jaune ou rapport\u00e9 dans un point de collecte pour \u00eatre recycl\u00e9. Un \u00e9tiquetage qui constitue \u00ab\u00a0un obstacle \u00e0 la libre circulation des marchandises\u00a0\u00bb selon la Commission europ\u00e9enne, qui estime \u00ab\u00a0disproportionn\u00e9es\u00a0\u00bb les \u00ab\u00a0exigences fran\u00e7aises\u00a0\u00bb de cette signal\u00e9tique.<\/p>\n<p>L\u2019Union europ\u00e9enne combat activement\u00a0la multiplication des \u00e9tiquetages nationaux, que Bruxelles consid\u00e8re comme un frein pour b\u00e2tir un march\u00e9 int\u00e9rieur europ\u00e9en puissant face \u00e0 la Chine ou aux \u00c9tats-Unis. Il y a quelques semaines, devant la presse, le commissaire europ\u00e9en St\u00e9phane S\u00e9journ\u00e9 avait sp\u00e9cifiquement vis\u00e9 l\u2019obligation fran\u00e7aise du logo Triman, y voyant une \u00ab\u00a0barri\u00e8re au march\u00e9 int\u00e9rieur\u00a0\u00bb, car \u00ab\u00a0l\u2019\u00e9tiquetage enferme le produit dans le march\u00e9 fran\u00e7ais\u00a0\u00bb.<\/p>\n<p>D\u2019autres possibilit\u00e9s, \u00ab\u00a0moins restrictives pour les \u00e9changes commerciaux entre les \u00c9tats membres, existent pour informer les consommateurs\u00a0\u00bb, affirme la Commission.\u00a0<a href=\"https:\/\/www.laprovence.com\/article\/france-monde\/1242682429027414\/a-bruxelles-la-chasse-au-tresor-des-glaces-antarctiques\" target=\"_blank\" rel=\"noopener\">L\u2019Union europ\u00e9enne<\/a> pr\u00e9voit par ailleurs une signal\u00e9tique harmonis\u00e9e d\u2019ici ao\u00fbt\u00a02026 et qui devra \u00eatre affich\u00e9e sur tous les emballages \u00e0 partir du 12\u00a0ao\u00fbt\u00a02028.<\/p>\n","protected":false},"excerpt":{"rendered":"Le logo \u00ab\u00a0Triman\u00a0\u00bb est dans le viseur de la Commission europ\u00e9enne, qui a annonc\u00e9 jeudi 17\u00a0juillet avoir saisi&hellip;\n","protected":false},"author":2,"featured_media":261015,"comment_status":"","ping_status":"","sticky":false,"template":"","format":"standard","meta":{"footnotes":""},"categories":[1586],"tags":[17,11,30723,436,1777,674,1779,4538,1011,27,303,4537,12,471,3887,25,1778,364],"class_list":{"0":"post-261014","1":"post","2":"type-post","3":"status-publish","4":"format-standard","5":"has-post-thumbnail","7":"category-europe","8":"tag-17","9":"tag-actualites","10":"tag-assigne","11":"tag-environnement","12":"tag-eu","13":"tag-europe","14":"tag-european-union","15":"tag-europeenne","16":"tag-fr","17":"tag-france","18":"tag-justice","19":"tag-lunion","20":"tag-news","21":"tag-pour","22":"tag-recyclage","23":"tag-republique-francaise","24":"tag-ue","25":"tag-union-europeenne"},"share_on_mastodon":{"url":"https:\/\/pubeurope.com\/@fr\/114885454976485516","error":""},"_links":{"self":[{"href":"https:\/\/www.europesays.com\/fr\/wp-json\/wp\/v2\/posts\/261014","targetHints":{"allow":["GET"]}}],"collection":[{"href":"https:\/\/www.europesays.com\/fr\/wp-json\/wp\/v2\/posts"}],"about":[{"href":"https:\/\/www.europesays.com\/fr\/wp-json\/wp\/v2\/types\/post"}],"author":[{"embeddable":true,"href":"https:\/\/www.europesays.com\/fr\/wp-json\/wp\/v2\/users\/2"}],"replies":[{"embeddable":true,"href":"https:\/\/www.europesays.com\/fr\/wp-json\/wp\/v2\/comments?post=261014"}],"version-history":[{"count":0,"href":"https:\/\/www.europesays.com\/fr\/wp-json\/wp\/v2\/posts\/261014\/revisions"}],"wp:featuredmedia":[{"embeddable":true,"href":"https:\/\/www.europesays.com\/fr\/wp-json\/wp\/v2\/media\/261015"}],"wp:attachment":[{"href":"https:\/\/www.europesays.com\/fr\/wp-json\/wp\/v2\/media?parent=261014"}],"wp:term":[{"taxonomy":"category","embeddable":true,"href":"https:\/\/www.europesays.com\/fr\/wp-json\/wp\/v2\/categories?post=261014"},{"taxonomy":"post_tag","embeddable":true,"href":"https:\/\/www.europesays.com\/fr\/wp-json\/wp\/v2\/tags?post=261014"}],"curies":[{"name":"wp","href":"https:\/\/api.w.org\/{rel}","templated":true}]}}