{"id":261026,"date":"2025-07-20T12:07:15","date_gmt":"2025-07-20T12:07:15","guid":{"rendered":"https:\/\/www.europesays.com\/fr\/261026\/"},"modified":"2025-07-20T12:07:15","modified_gmt":"2025-07-20T12:07:15","slug":"le-blog-de-la-redac-atp-agassi-avec-rune-toni-nadal-avec-zverev-les-outsiders-cherchent-enfin-des-solutions-il-etait-temps","status":"publish","type":"post","link":"https:\/\/www.europesays.com\/fr\/261026\/","title":{"rendered":"Le blog de la r\u00e9dac&rsquo;, ATP > Agassi avec Rune, Toni Nadal avec Zverev, les outsiders cherchent enfin des solutions, il \u00e9tait temps !"},"content":{"rendered":"<p>C\u2019est s\u00fbre\u00adment les deux derni\u00e8res lev\u00e9es du Grand Chelem qu\u2019ils n\u2019ont pas r\u00e9us\u00adsies qui a permis \u00e0 Holger Rune et Alexander Zverev de comprendre qu\u2019il fallait changer de braquet et de team pour pouvoir avancer.\u00a0<\/p>\n<blockquote class=\"twitter-tweet\">\n<p lang=\"fr\" dir=\"ltr\">Andre Agassi aux c\u00f4t\u00e9s de Holger Rune \u00e0 Washington \ud83e\uddd0<\/p>\n<p>La l\u00e9gende am\u00e9ri\u00adcaine est venu conseiller le Danois pour quelques jours en amont du 1er tournoi de la tourn\u00e9e US d\u2019\u00e9t\u00e9<\/p>\n<p>Futur coach N\u00b0128 pour Rune\u202f?<\/p>\n<p>(\ud83d\udcf7 <a href=\"https:\/\/twitter.com\/OpenCourt?ref_src=twsrc%5Etfw\" data-wpel-link=\"external\" target=\"_blank\" rel=\"nofollow external noopener\">@OpenCourt<\/a>) <a href=\"https:\/\/t.co\/Evv14qCJCl\" data-wpel-link=\"external\" target=\"_blank\" rel=\"nofollow external noopener\">pic.twitter.com\/Evv14qCJCl<\/a><\/p>\n<p>\u2014 We Are Tennis France (@WeAreTennisFR) <a href=\"https:\/\/twitter.com\/WeAreTennisFR\/status\/1946867678855004265?ref_src=twsrc%5Etfw\" data-wpel-link=\"external\" target=\"_blank\" rel=\"nofollow external noopener\">July 20,\u00a02025<\/a><\/p><\/blockquote>\n<p>Si par le pass\u00e9, Rune l\u2019a d\u00e9j\u00e0 fait, Zverev n\u2019a jamais vrai\u00adment tent\u00e9 l\u2019ex\u00adp\u00e9\u00adrience du mentor.\u00a0<\/p>\n<p>On ne peut que se r\u00e9jouir de cette situa\u00adtion car elle signifie qu\u2019ils ont pris conscience qu\u2019il fallait changer quelque chose pour rester comp\u00e9titif.\u00a0<\/p>\n<p>Reste main\u00adte\u00adnant \u00e0 savoir s\u2019ils auront la patience d\u2019at\u00adtendre ou s\u2019ils vont vite revenir \u00e0 leurs premiers amours si les r\u00e9sul\u00adtats ne sont pas imm\u00e9diats.<\/p>\n<p class=\"post-published-date\" style=\"color: silver; font-size: 75%; text-align: left;\">Publi\u00e9 le dimanche 20 juillet 2025 \u00e0 12:56<\/p>\n<p><script async src=\"https:\/\/platform.twitter.com\/widgets.js\" charset=\"utf-8\"><\/script><\/p>\n","protected":false},"excerpt":{"rendered":"C\u2019est s\u00fbre\u00adment les deux derni\u00e8res lev\u00e9es du Grand Chelem qu\u2019ils n\u2019ont pas r\u00e9us\u00adsies qui a permis \u00e0 Holger&hellip;\n","protected":false},"author":2,"featured_media":261027,"comment_status":"","ping_status":"","sticky":false,"template":"","format":"standard","meta":{"footnotes":""},"categories":[1415],"tags":[18937,1011,27,1960,60,1467,4542],"class_list":{"0":"post-261026","1":"post","2":"type-post","3":"status-publish","4":"format-standard","5":"has-post-thumbnail","7":"category-tennis","8":"tag-agassi","9":"tag-fr","10":"tag-france","11":"tag-nadal","12":"tag-sports","13":"tag-tennis","14":"tag-zverev"},"share_on_mastodon":{"url":"https:\/\/pubeurope.com\/@fr\/114885482441035003","error":""},"_links":{"self":[{"href":"https:\/\/www.europesays.com\/fr\/wp-json\/wp\/v2\/posts\/261026","targetHints":{"allow":["GET"]}}],"collection":[{"href":"https:\/\/www.europesays.com\/fr\/wp-json\/wp\/v2\/posts"}],"about":[{"href":"https:\/\/www.europesays.com\/fr\/wp-json\/wp\/v2\/types\/post"}],"author":[{"embeddable":true,"href":"https:\/\/www.europesays.com\/fr\/wp-json\/wp\/v2\/users\/2"}],"replies":[{"embeddable":true,"href":"https:\/\/www.europesays.com\/fr\/wp-json\/wp\/v2\/comments?post=261026"}],"version-history":[{"count":0,"href":"https:\/\/www.europesays.com\/fr\/wp-json\/wp\/v2\/posts\/261026\/revisions"}],"wp:featuredmedia":[{"embeddable":true,"href":"https:\/\/www.europesays.com\/fr\/wp-json\/wp\/v2\/media\/261027"}],"wp:attachment":[{"href":"https:\/\/www.europesays.com\/fr\/wp-json\/wp\/v2\/media?parent=261026"}],"wp:term":[{"taxonomy":"category","embeddable":true,"href":"https:\/\/www.europesays.com\/fr\/wp-json\/wp\/v2\/categories?post=261026"},{"taxonomy":"post_tag","embeddable":true,"href":"https:\/\/www.europesays.com\/fr\/wp-json\/wp\/v2\/tags?post=261026"}],"curies":[{"name":"wp","href":"https:\/\/api.w.org\/{rel}","templated":true}]}}