{"id":261028,"date":"2025-07-20T12:09:15","date_gmt":"2025-07-20T12:09:15","guid":{"rendered":"https:\/\/www.europesays.com\/fr\/261028\/"},"modified":"2025-07-20T12:09:15","modified_gmt":"2025-07-20T12:09:15","slug":"nous-devons-nous-incliner-devant-lui-agostini-adoube-marc-marquez","status":"publish","type":"post","link":"https:\/\/www.europesays.com\/fr\/261028\/","title":{"rendered":"\u00abnous devons nous incliner devant lui\u00bb, Agostini adoube Marc Marquez"},"content":{"rendered":"<p>Dans un entretien accord\u00e9 \u00e0 la Gazzetta dello Sport, la l\u00e9gende italienne de la moto est revenue sur la domination actuelle de Marc Marquez. Giacomo Agostini pense que l\u2019Espagnol peut battre son record de 15 titres mondiaux.<\/p>\n<p class=\"fig-paragraph\">Une l\u00e9gende qui \u00abs\u2019incline devant\u00bb une autre l\u00e9gende.\u00a0<a href=\"http:\/\/www.lefigaro.fr\/sports\/moto\/motogp-victoire-etriquee-de-marc-marquez-dans-la-course-sprint-a-brno-20250719\" data-fig-type=\"NewsFlash\" data-gtm-custom-categorie=\"navigation\" data-gtm-custom-action=\"crossclick\" data-gtm-custom-label=\"Contextuel\" data-gtm-event=\"customEventSPE\" data-fig-domain=\"LEFIGARO\" target=\"_blank\" rel=\"noopener\">Marc Marquez<\/a>\u00a0ne peut esp\u00e9rer meilleure reconnaissance que celle de Giacomo Agostini, quinze fois champion du monde de moto, toutes cat\u00e9gories confondues. L\u2019Italien a \u00e9t\u00e9 interrog\u00e9 par la Gazzetta dello Sport sur les r\u00e9cents succ\u00e8s de l\u2019Espagnol.<\/p>\n<p class=\"fig-paragraph\">Une chose est s\u00fbre, le \u00abroi Ago\u00bb est impressionn\u00e9 par le niveau affich\u00e9 par Marquez\u00a0: \u00abMarc est un grand homme et il m\u00e9rite tout. Nous devons nous incliner devant lui, pas le huer. Aussi parce qu\u2019il est pass\u00e9 par des moments difficiles, dont il n\u2019\u00e9tait pas \u00e9vident de sortir. Et parce que pour recommencer \u00e0 gagner il a renonc\u00e9 \u00e0 l\u2019argent de Honda, pour aller dans une \u00e9quipe priv\u00e9e (Gresini en 2024, ndlr)\u00bb.<\/p>\n<p>                                    <a class=\"fig-a11y-skip a11y-hidden\" href=\"#fig-a11y-skip-main-inarticle\"><br \/>\n        Passer la publicit\u00e9<br \/>\n    <\/a><\/p>\n<p>\u00c9galer les 15 titres du roi\u00a0?<\/p>\n<p class=\"fig-paragraph\">Cinquante apr\u00e8s son quinzi\u00e8me et dernier sacre \u00e0 Brno en R\u00e9publique tch\u00e8que, lieu du\u00a0<a href=\"http:\/\/www.lefigaro.fr\/sports\/moto\/motogp-a-quelle-heure-et-sur-quelle-chaine-regarder-le-grand-prix-de-republique-tcheque-2025-en-direct-20250720\" data-fig-type=\"Article\" data-gtm-custom-categorie=\"navigation\" data-gtm-custom-action=\"crossclick\" data-gtm-custom-label=\"Contextuel\" data-gtm-event=\"customEventSPE\" data-fig-domain=\"LEFIGARO\" target=\"_blank\" rel=\"noopener\">Grand Prix de MotoGP de ce week-end<\/a>, Giacomo Agostini a m\u00eame avanc\u00e9 que Marc Marquez \u00abest capable de battre (son) record\u00bb. Atteindre les quinze titres ne sera pas \u00e9vident pour l\u2019Espagnol, qui se dirige vers une neuvi\u00e8me couronne cette ann\u00e9e mais \u00e0 32 ans, il lui reste encore quelques bonnes ann\u00e9es&#8230;<\/p>\n","protected":false},"excerpt":{"rendered":"Dans un entretien accord\u00e9 \u00e0 la Gazzetta dello Sport, la l\u00e9gende italienne de la moto est revenue sur&hellip;\n","protected":false},"author":2,"featured_media":261029,"comment_status":"","ping_status":"","sticky":false,"template":"","format":"standard","meta":{"footnotes":""},"categories":[1413],"tags":[1011,27,1461,1457,1456,60,4921],"class_list":{"0":"post-261028","1":"post","2":"type-post","3":"status-publish","4":"format-standard","5":"has-post-thumbnail","7":"category-moto","8":"tag-fr","9":"tag-france","10":"tag-marc-marquez","11":"tag-moto","12":"tag-motocycle","13":"tag-sports","14":"tag-yamaha"},"share_on_mastodon":{"url":"https:\/\/pubeurope.com\/@fr\/114885490386674547","error":""},"_links":{"self":[{"href":"https:\/\/www.europesays.com\/fr\/wp-json\/wp\/v2\/posts\/261028","targetHints":{"allow":["GET"]}}],"collection":[{"href":"https:\/\/www.europesays.com\/fr\/wp-json\/wp\/v2\/posts"}],"about":[{"href":"https:\/\/www.europesays.com\/fr\/wp-json\/wp\/v2\/types\/post"}],"author":[{"embeddable":true,"href":"https:\/\/www.europesays.com\/fr\/wp-json\/wp\/v2\/users\/2"}],"replies":[{"embeddable":true,"href":"https:\/\/www.europesays.com\/fr\/wp-json\/wp\/v2\/comments?post=261028"}],"version-history":[{"count":0,"href":"https:\/\/www.europesays.com\/fr\/wp-json\/wp\/v2\/posts\/261028\/revisions"}],"wp:featuredmedia":[{"embeddable":true,"href":"https:\/\/www.europesays.com\/fr\/wp-json\/wp\/v2\/media\/261029"}],"wp:attachment":[{"href":"https:\/\/www.europesays.com\/fr\/wp-json\/wp\/v2\/media?parent=261028"}],"wp:term":[{"taxonomy":"category","embeddable":true,"href":"https:\/\/www.europesays.com\/fr\/wp-json\/wp\/v2\/categories?post=261028"},{"taxonomy":"post_tag","embeddable":true,"href":"https:\/\/www.europesays.com\/fr\/wp-json\/wp\/v2\/tags?post=261028"}],"curies":[{"name":"wp","href":"https:\/\/api.w.org\/{rel}","templated":true}]}}