{"id":261030,"date":"2025-07-20T12:10:17","date_gmt":"2025-07-20T12:10:17","guid":{"rendered":"https:\/\/www.europesays.com\/fr\/261030\/"},"modified":"2025-07-20T12:10:17","modified_gmt":"2025-07-20T12:10:17","slug":"oliver-solberg-vainqueur-surprise-du-rallye-destonie","status":"publish","type":"post","link":"https:\/\/www.europesays.com\/fr\/261030\/","title":{"rendered":"Oliver Solberg vainqueur surprise du Rallye d&rsquo;Estonie"},"content":{"rendered":"<p>Ce dimanche, trois sp\u00e9ciales \u00e9taient au programme. Les pilotes devaient d&rsquo;abord passer par les 11,79 km d&rsquo;Hellenurme avant d&rsquo;enchainer par deux fois la longue sp\u00e9ciale de K\u00e4\u00e4riku (24,20 km), le deuxi\u00e8me passage dans cette derni\u00e8re \u00e9tant synonyme de Power Stage. Trois types de points \u00e9taient \u00e0 distribuer ce dimanche : le classement g\u00e9n\u00e9ral, le classement du dimanche et la Power Stage.<\/p>\n<p>Consignes d&rsquo;\u00e9quipe chez Toyota<\/p>\n<p>Pour cette derni\u00e8re \u00e9tape du Rallye d&rsquo;Estonie, un nouvel invit\u00e9 a rejoint la f\u00eate : la pluie. Le premier \u00e0 en profiter dans Hellenurme, ainsi que des consignes d&rsquo;\u00e9quipes, c&rsquo;est <a href=\"https:\/\/fr.motorsport.com\/driver\/elfyn-evans\/93531\/\" target=\"_blank\" rel=\"noopener\">Elfyn Evans<\/a> (Toyota) qui, apr\u00e8s un passage de son co\u00e9quipier <a href=\"https:\/\/fr.motorsport.com\/driver\/takamoto-katsuta\/408928\/\" target=\"_blank\" rel=\"noopener\">Takamoto Katsuta<\/a> sans forcer, est revenu \u00e0 5&Prime;2 du Japonais au g\u00e9n\u00e9ral. La sp\u00e9ciale du pilote Toyota a \u00e9galement profit\u00e9 \u00e0 <a href=\"https:\/\/fr.motorsport.com\/driver\/adrien-fourmaux\/839101\/\" target=\"_blank\" rel=\"noopener\">Adrien Fourmaux<\/a> (Hyundai) qui a augment\u00e9 son avance sur Katsuta \u00e0 14&Prime;6.<\/p>\n<p><a href=\"https:\/\/fr.motorsport.com\/driver\/oliver-solberg\/460431\/\" target=\"_blank\" rel=\"noopener\">Oliver Solberg<\/a>\u00a0(Toyota), qu&rsquo;on ne peut plus arr\u00eater, a d\u00e9cid\u00e9 d&#8217;empocher tous les points ce week-end. Le Su\u00e9dois a sign\u00e9 le premier scratch de la journ\u00e9e avec 1&Prime;6 d&rsquo;avance sur <a href=\"https:\/\/fr.motorsport.com\/driver\/ott-tanak\/91992\/\" target=\"_blank\" rel=\"noopener\">Ott T\u00e4nak<\/a>\u00a0(Hyundai). Le grand perdant de cette ES18 est <a href=\"https:\/\/fr.motorsport.com\/driver\/thierry-neuville\/90467\/\" target=\"_blank\" rel=\"noopener\">Thierry Neuville<\/a>\u00a0(Hyundai) qui a r\u00e9alis\u00e9 un faux d\u00e9part et a donc \u00e9t\u00e9 sanctionn\u00e9 de dix secondes. Le Belge s&rsquo;est retrouv\u00e9 \u00e0 18&Prime;6 de son co\u00e9quipier pour la deuxi\u00e8me place et se retrouvait menac\u00e9 par <a href=\"https:\/\/fr.motorsport.com\/driver\/kalle-rovanpera\/444389\/\" target=\"_blank\" rel=\"noopener\">Kalle Rovanper\u00e4<\/a>\u00a0(Toyota) \u00e0 13&Prime;7. La p\u00e9nalit\u00e9 du pilote Hyundai a permis \u00e0 Fourmaux (Hyundai) de prendre la cinqui\u00e8me place du Super Sunday.<\/p>\n<p>\u00a0<br \/>\nDes d\u00e9g\u00e2ts pour Fourmaux<\/p>\n<p>L&rsquo;ES19 s&rsquo;est pr\u00e9sent\u00e9e comme une sorte d&rsquo;\u00e9chauffement pour la Power Stage plus tard dans la matin\u00e9e. Dans un premier temps, c&rsquo;est une nouvelle fois Oliver Solberg qui a domin\u00e9 les 24,20 km de K\u00e4\u00e4riku en signant le scratch, avec 3&Prime;1 d&rsquo;avance sur Rovanper\u00e4. Il s&rsquo;agissait du neuvi\u00e8me scratch du week-end pour le Su\u00e9dois. Il restait donc en t\u00eate du classement g\u00e9n\u00e9ral, du Super Sunday et \u00e9tait bien parti pour aller prendre les cinq points de la Power Stage.\u00a0<\/p>\n<p>Alors que les \u00e9carts se sont quasiment fig\u00e9s pour le classement final, Kalle Rovanper\u00e4 a repris 6&Prime;6 \u00e0 Thierry Neuville, permettant au Finlandais de revenir \u00e0 moins de dix secondes du Belge avant la Power Stage. Le pilote Toyota pointait \u00e0 la troisi\u00e8me position du Super Sunday, intercal\u00e9 entre T\u00e4nak, deuxi\u00e8me, et Evans, quatri\u00e8me, en bataille pour la t\u00eate du championnat du monde.<\/p>\n<p>Evans a notamment profit\u00e9 des consignes d&rsquo;\u00e9quipes de Toyota. 13&Prime;6 s\u00e9paraient le Britannique de Katsuta au d\u00e9but de la journ\u00e9e mais les consignes ont fait que le Japonais a d\u00fb ralentir sur les deux premi\u00e8res sp\u00e9ciales, laissant passer son co\u00e9quipier \u00e0 la sixi\u00e8me place. Deux points qui pourront faire la diff\u00e9rence dans la course au titre.<\/p>\n<p>Devant lui, Fourmaux a d\u00fb laisser \u00e9chapper 6&Prime;4 en raison de quelques d\u00e9g\u00e2ts subis dans la sp\u00e9ciale pr\u00e9c\u00e9dente, \u00e0 l&rsquo;avant, au niveau de l&rsquo;a\u00e9ro, et qui ont p\u00e9nalis\u00e9 le Fran\u00e7ais. Il conservait tout de m\u00eame 13&Prime;4 d&rsquo;avance au g\u00e9n\u00e9ral sur le Britannique.<\/p>\n<p>\u00a0<br \/>\nSolberg vainqueur, Rovanper\u00e4 se console avec la Power Stage\u00a0<\/p>\n<p>Le deuxi\u00e8me passage par K\u00e4\u00e4riku (24,20 km) \u00e9tait le th\u00e9\u00e2tre de la Power Stage,\u00a0derni\u00e8re sp\u00e9ciale du Rallye d&rsquo;Estonie et un total de 15 points \u00e0 distribuer. Les conditions \u00e9taient plus similaires au reste du week-end. La pluie avait disparu, laissant place au soleil, et les chemins avaient s\u00e9ch\u00e9.<\/p>\n<p>Kalle Rovanper\u00e4 a choisi le meilleur moment du week-end pour signer son premier scratch. Le Finlandais a remport\u00e9 les cinq points de la Power Stage, devant T\u00e4nak, Solberg, Neuville et Evans. Malgr\u00e9 sa troisi\u00e8me place dans l&rsquo;ultime sp\u00e9ciale, Oliver Solberg remporte solidement le Rallye d&rsquo;Estonie, mais le vrai vainqueur de ce dernier est Ott T\u00e4nak qui ira en Finlande en tant que leader du championnat du monde, pour un point devant Evans. Thierry Neuville compl\u00e8te le podium.<\/p>\n<p>Avec l&rsquo;avant de sa Hyundai quasiment envol\u00e9, Adrien Fourmaux a largement limit\u00e9 la casse en ne terminant qu&rsquo;\u00e0 trois secondes d&rsquo;Evans dans l&rsquo;ES20. Il a donc conserv\u00e9 sa cinqui\u00e8me place \u00e0 plus de dix secondes du Britannique. Cependant, le Fran\u00e7ais a du faire une croix sur la Power Stage et les points du dimanche.<\/p>\n<p>Alors que Katsuta n&rsquo;a pas particip\u00e9 \u00e0 cette derni\u00e8re sp\u00e9ciale en raison d&rsquo;un probl\u00e8me m\u00e9canique, cela a permis \u00e0 Pajari de prendre la septi\u00e8me place. Derri\u00e8re les pilotes M-Sport Ford ont \u00e9galement gagn\u00e9 une place mais cela reste un\u00a0week-end difficile pour M-Sport aux huiti\u00e8me, neuvi\u00e8me et dixi\u00e8me places du Rallye d&rsquo;Estonie, sans points suppl\u00e9mentaires lors du Super Sunday et de la Power Stage.<\/p>\n<tr>\n<strong>scratchs du dimanche<\/strong><br \/>\n<\/tr>\n<tr>\n<td style=\"width: 5%;\"><strong>ES18<\/strong><\/td>\n<td style=\"width: 5%; text-align: center;\">11,79 km<\/td>\n<td style=\"width: 25%;\">Hellenurme<\/td>\n<td style=\"width: 10%; text-align: center;\"><img decoding=\"async\" class=\"ms-flag-img ms-flag-img_s1\" title=\"Sweden\" src=\"https:\/\/cdn-4.motorsport.com\/static\/img\/cf\/se-3.svg\" alt=\"Sweden\" width=\"32\" loading=\"lazy\"\/>\u00a0O. Solberg<\/td>\n<\/tr>\n<tr>\n<td style=\"width: 5%;\"><strong>ES19<\/strong><\/td>\n<td style=\"width: 5%; text-align: center;\">24,20 km<\/td>\n<td style=\"width: 25%;\">K\u00e4\u00e4riku 1<\/td>\n<td style=\"width: 10%; text-align: center;\"><img decoding=\"async\" class=\"ms-flag-img ms-flag-img_s1\" title=\"Sweden\" src=\"https:\/\/cdn-3.motorsport.com\/static\/img\/cf\/se-3.svg\" alt=\"Sweden\" width=\"32\" loading=\"lazy\"\/>\u00a0O. Solberg<\/td>\n<\/tr>\n<tr>\n<td style=\"width: 5%;\"><strong>ES20<\/strong><\/td>\n<td style=\"width: 5%; text-align: center;\">24,20 km<\/td>\n<td style=\"width: 25%;\">K\u00e4\u00e4riku 2 (Power Stage)<\/td>\n<td style=\"width: 10%; text-align: center;\"><img decoding=\"async\" class=\"ms-flag-img ms-flag-img_s1\" title=\"Finland\" src=\"https:\/\/cdn-2.motorsport.com\/static\/img\/cf\/fi-3.svg\" alt=\"Finland\" width=\"32\" loading=\"lazy\"\/>\u00a0K. Rovanper\u00e4<\/td>\n<\/tr>\n<p><img decoding=\"async\" class=\"ms-flag-img ms-flag-img_s2\" title=\"Estonia\" src=\"https:\/\/cdn-1.motorsport.com\/static\/img\/cf\/ee-3.svg\" alt=\"Estonia\" width=\"32\" loading=\"lazy\"\/>\u00a0Rallye d&rsquo;Estonie &#8211; Classement g\u00e9n\u00e9ral<\/p>\n<p>Super Sunday<\/p>\n<p>Power Stage<\/p>\n<\/p>\n<\/p>\n<\/p>\n<\/p>\n<\/p>\n<p>Dans cet article<\/p>\n<p>Soyez le premier inform\u00e9 et souscrivez aux alertes mails pour recevoir les infos en temps r\u00e9el<\/p>\n<p>    S&rsquo;abonner aux alertes de news<\/p>\n","protected":false},"excerpt":{"rendered":"Ce dimanche, trois sp\u00e9ciales \u00e9taient au programme. Les pilotes devaient d&rsquo;abord passer par les 11,79 km d&rsquo;Hellenurme avant&hellip;\n","protected":false},"author":2,"featured_media":261031,"comment_status":"","ping_status":"","sticky":false,"template":"","format":"standard","meta":{"footnotes":""},"categories":[1412],"tags":[1909,1451,1452,1453,1454,1455,1011,27,39481,60,16405],"class_list":{"0":"post-261030","1":"post","2":"type-post","3":"status-publish","4":"format-standard","5":"has-post-thumbnail","7":"category-f1","8":"tag-estonie","9":"tag-f1","10":"tag-formula-1","11":"tag-formula1","12":"tag-formule-1","13":"tag-formule1","14":"tag-fr","15":"tag-france","16":"tag-rallye-destonie","17":"tag-sports","18":"tag-wrc"},"share_on_mastodon":{"url":"https:\/\/pubeurope.com\/@fr\/114885494833881503","error":""},"_links":{"self":[{"href":"https:\/\/www.europesays.com\/fr\/wp-json\/wp\/v2\/posts\/261030","targetHints":{"allow":["GET"]}}],"collection":[{"href":"https:\/\/www.europesays.com\/fr\/wp-json\/wp\/v2\/posts"}],"about":[{"href":"https:\/\/www.europesays.com\/fr\/wp-json\/wp\/v2\/types\/post"}],"author":[{"embeddable":true,"href":"https:\/\/www.europesays.com\/fr\/wp-json\/wp\/v2\/users\/2"}],"replies":[{"embeddable":true,"href":"https:\/\/www.europesays.com\/fr\/wp-json\/wp\/v2\/comments?post=261030"}],"version-history":[{"count":0,"href":"https:\/\/www.europesays.com\/fr\/wp-json\/wp\/v2\/posts\/261030\/revisions"}],"wp:featuredmedia":[{"embeddable":true,"href":"https:\/\/www.europesays.com\/fr\/wp-json\/wp\/v2\/media\/261031"}],"wp:attachment":[{"href":"https:\/\/www.europesays.com\/fr\/wp-json\/wp\/v2\/media?parent=261030"}],"wp:term":[{"taxonomy":"category","embeddable":true,"href":"https:\/\/www.europesays.com\/fr\/wp-json\/wp\/v2\/categories?post=261030"},{"taxonomy":"post_tag","embeddable":true,"href":"https:\/\/www.europesays.com\/fr\/wp-json\/wp\/v2\/tags?post=261030"}],"curies":[{"name":"wp","href":"https:\/\/api.w.org\/{rel}","templated":true}]}}