{"id":261037,"date":"2025-07-20T12:14:21","date_gmt":"2025-07-20T12:14:21","guid":{"rendered":"https:\/\/www.europesays.com\/fr\/261037\/"},"modified":"2025-07-20T12:14:21","modified_gmt":"2025-07-20T12:14:21","slug":"decouvrez-black-is-beautiful-la-nouvelle-exposition-du-centre-de-la-photographie-de-mougins-en-4-cliches-puissants","status":"publish","type":"post","link":"https:\/\/www.europesays.com\/fr\/261037\/","title":{"rendered":"D\u00e9couvrez \u00ab\u00a0Black is Beautiful\u00a0\u00bb, la nouvelle exposition du Centre de la photographie de Mougins, en 4 clich\u00e9s puissants"},"content":{"rendered":"<p>                                Naissance d\u2019un slogan, affirmation d\u2019une identit\u00e9<\/p>\n<p>L\u2019expression \u00ab\u00a0Black is Beautiful\u00a0\u00bb est entr\u00e9e dans le langage commun, sans qu\u2019on se demande vraiment qui en est \u00e0 l\u2019origine.<\/p>\n<p>La r\u00e9ponse, on la trouve en ce moment du c\u00f4t\u00e9 du Centre de la photographie de Mougins, o\u00f9, pour la premi\u00e8re fois en Europe, une exposition est consacr\u00e9e au travail de Kwame Brathwaite (1938-2023).<\/p>\n<p>Aujourd\u2019hui, la formule est parfois d\u00e9tourn\u00e9e et r\u00e9duite \u00e0 une sorte de message publicitaire. Mais au c\u0153ur des ann\u00e9es 1950, le photographe et son fr\u00e8re a\u00een\u00e9, Elombe Brath, inspir\u00e9s par les id\u00e9es de Marcus Garvey, pr\u00e9curseur du panafricanisme, allient recherche esth\u00e9tique et activisme politique \u00e0 New York, entre Harlem et le Bronx.<\/p>\n<p>\u00ab\u00a0Mon p\u00e8re a commenc\u00e9 par documenter les concerts de jazz auxquels il assistait. Mon oncle, lui, avait un c\u00f4t\u00e9 orateur. Il s\u2019int\u00e9ressait \u00e0 ce qui se passait dans plusieurs pays d\u2019Afrique, avait une vision sur ce qui pouvait \u00eatre fait\u00a0\u00bb, r\u00e9sume son fils, venu pour le vernissage de l\u2019exposition \u00e0 Mougins, Kwame Brathwaite Jr. \u00c0 travers le collectif African Jazz-Art Society &amp; Studios, puis le mouvement Grandassa Models, les deux fr\u00e8res apportent leur contribution \u00e0 la lutte des populations noires pour les droits civiques. Notamment en profitant du Garvey Day pour organiser des concours de beaut\u00e9, o\u00f9 les femmes \u00e9taient v\u00eatues de tenues traditionnelles africaines, par\u00e9es de bijoux symboliques, et arboraient des coupes de cheveux naturelles.\u00a0\u00bb<\/p>\n<p>\u00ab\u00a0C\u2019\u00e9tait r\u00e9volutionnaire pour l\u2019\u00e9poque. Mais mon oncle et mon p\u00e8re restaient frapp\u00e9s par un constat: le jour d\u2019apr\u00e8s, ces femmes devaient encore se lisser les cheveux pour \u00eatre autoris\u00e9es \u00e0 faire leur travail.\u00a0\u00bb<\/p>\n<p>              <img ci-src=\"https:\/\/www.nicematin.com\/expos\/protec\/DATA_ART_15933498-I9U4AZRv.jpg?vh=d6ead0&amp;ci_seal=2caa0c1359\" alt=\"\"\/><br \/>\n        Bob Marley immortalis\u00e9 peu avant sa perc\u00e9e internationale. <strong>Photo Kwame Brathwaite.<\/strong> <\/p>\n<p>                                Des monuments de la musique dans le viseur<\/p>\n<p>Miles Davis en train de malmener un sac de frappe dans un gymnase, Bob Marley immortalis\u00e9 peu avant sa perc\u00e9e internationale.<\/p>\n<p>Mais aussi BB King, Michael Jackson, Earth, Wind &amp; Fire, Grace Jones ou Stevie Wonder \u00e0 diff\u00e9rents stades de son incroyable carri\u00e8re (\u00ab\u00a0mon p\u00e8re a m\u00eame fait les photos de sa fille apr\u00e8s l\u2019accouchement, mais elles sont toujours rest\u00e9es priv\u00e9es\u00a0\u00bb, glisse Kwame Brathwaite Jr.).<\/p>\n<p>Qu\u2019il s\u2019agisse de clich\u00e9s promotionnels, de reportages pour le magazine Blues &amp; Soul, de pochettes d\u2019albums ou de photos de concerts, Kwame Brathwaite n\u2019a pas perdu son fil conducteur. \u00ab\u00a0Tous ces artistes avaient embrass\u00e9 l\u2019id\u00e9e du Black is Beautiful et ils la propageaient \u00e0 travers le monde.\u00a0\u00bb<\/p>\n<p>              <img ci-src=\"https:\/\/www.nicematin.com\/expos\/protec\/DATA_ART_15933495-47VMXczA.tif?vh=7a1d6b&amp;ci_seal=93fc2c3ce5\" alt=\"\"\/><br \/>\n        En fondant le collectif Ajass (African Jazz-Art Society &amp; Studios) avec son fr\u00e8re Elombe Brath (assis au centre) en 1956, Kwame Brathwaite (quatri\u00e8me en partant de la gauche) cr\u00e9e un espace de production artistique, musicale et photographique qui red\u00e9finit les canons esth\u00e9tiques de la beaut\u00e9 noire. <strong>Photo Kwame Brathwaite.<\/strong> <\/p>\n<p>                                Un engagement aux formes multiples<\/p>\n<p>En fondant le collectif Ajass (African Jazz-Art Society &amp; Studios) avec son fr\u00e8re Elombe Brath (assis au centre) en 1956, Kwame Brathwaite (quatri\u00e8me en partant de la gauche) cr\u00e9e un espace de production artistique, musicale et photographique qui red\u00e9finit les canons esth\u00e9tiques de la beaut\u00e9 noire.<\/p>\n<p>              <img ci-src=\"https:\/\/www.nicematin.com\/expos\/protec\/DATA_ART_15933492-h1XcVsKC.jpg?vh=adb5f5&amp;ci_seal=675415cb0a\" alt=\"\"\/><br \/>\n         \u00ab\u00a0The Rumble in The Jungle\u00a0\u00bb, le combat de boxe opposant Muhammad Ali \u00e0 George Foreman, le 30 octobre 1974 \u00e0 Kinshasa, au Za\u00efre. <strong>Photo Kwame Brathwaite.<\/strong> <\/p>\n<p>                                Dans les angles morts d\u2019Ali<\/p>\n<p>Kwame Brathwaite n\u2019a pas shoot\u00e9 beaucoup d\u2019\u00e9v\u00e9nements sportifs. Cela ne l\u2019a pas emp\u00each\u00e9 d\u2019\u00eatre pr\u00e9sent \u00e0 l\u2019un des rendez-vous les plus mythiques de tous les temps: The Rumble in The Jungle, le combat de boxe opposant Muhammad Ali \u00e0 George Foreman, le 30 octobre 1974 \u00e0 Kinshasa, au Za\u00efre.<\/p>\n<p>\u00ab\u00a0Le photographe principal d\u2019Ali avait demand\u00e9 \u00e0 mon p\u00e8re de travailler en tandem, lui devait se charger des angles alternatifs\u00a0\u00bb, d\u00e9taille Kwame Brathwaite Jr., qui pr\u00e9cise la mani\u00e8re dont la connexion s\u2019est \u00e9tablie avec le g\u00e9ant de la boxe.<\/p>\n<p>\u00ab\u00a0Mon oncle n\u2019avait pas appr\u00e9ci\u00e9 les commentaires qu\u2019Ali avait faits \u00e0 propos de Sonny Liston, l\u2019un de ses grands rivaux. Il lui a \u00e9crit, Ali a lu la lettre. Puis quand ils se sont rencontr\u00e9s, mon oncle et mon p\u00e8re sont devenus ses amis.\u00a0\u00bb<\/p>\n<p>&gt;&gt; \u00c0 voir jusqu\u2019au 5 octobre au Centre de la photographie de Mougins. Tous les jours sauf le mardi, de 11h \u00e0 19h. 6 euros, tarif\u00a0 r\u00e9duit 3 euros. Gratuit pour tous le 1er dimanche du mois, pour les \u00e9tudiants, ch\u00f4meurs, personnes en situation de handicap, etc. le reste du temps. Renseignements: <a href=\"http:\/\/centrephotographiemougins.com\" target=\"_blank\" rel=\"noopener nofollow\">centrephotographiemougins.com<\/a><\/p>\n","protected":false},"excerpt":{"rendered":"Naissance d\u2019un slogan, affirmation d\u2019une identit\u00e9 L\u2019expression \u00ab\u00a0Black is Beautiful\u00a0\u00bb est entr\u00e9e dans le langage commun, sans qu\u2019on&hellip;\n","protected":false},"author":2,"featured_media":261038,"comment_status":"","ping_status":"","sticky":false,"template":"","format":"standard","meta":{"footnotes":""},"categories":[1358],"tags":[1348,1384,1385,251,1386,58,59,8202,1011,27],"class_list":{"0":"post-261037","1":"post","2":"type-post","3":"status-publish","4":"format-standard","5":"has-post-thumbnail","7":"category-arts-et-design","8":"tag-arts","9":"tag-arts-and-design","10":"tag-arts-et-design","11":"tag-culture","12":"tag-design","13":"tag-divertissement","14":"tag-entertainment","15":"tag-expos","16":"tag-fr","17":"tag-france"},"share_on_mastodon":{"url":"https:\/\/pubeurope.com\/@fr\/114885510134548366","error":""},"_links":{"self":[{"href":"https:\/\/www.europesays.com\/fr\/wp-json\/wp\/v2\/posts\/261037","targetHints":{"allow":["GET"]}}],"collection":[{"href":"https:\/\/www.europesays.com\/fr\/wp-json\/wp\/v2\/posts"}],"about":[{"href":"https:\/\/www.europesays.com\/fr\/wp-json\/wp\/v2\/types\/post"}],"author":[{"embeddable":true,"href":"https:\/\/www.europesays.com\/fr\/wp-json\/wp\/v2\/users\/2"}],"replies":[{"embeddable":true,"href":"https:\/\/www.europesays.com\/fr\/wp-json\/wp\/v2\/comments?post=261037"}],"version-history":[{"count":0,"href":"https:\/\/www.europesays.com\/fr\/wp-json\/wp\/v2\/posts\/261037\/revisions"}],"wp:featuredmedia":[{"embeddable":true,"href":"https:\/\/www.europesays.com\/fr\/wp-json\/wp\/v2\/media\/261038"}],"wp:attachment":[{"href":"https:\/\/www.europesays.com\/fr\/wp-json\/wp\/v2\/media?parent=261037"}],"wp:term":[{"taxonomy":"category","embeddable":true,"href":"https:\/\/www.europesays.com\/fr\/wp-json\/wp\/v2\/categories?post=261037"},{"taxonomy":"post_tag","embeddable":true,"href":"https:\/\/www.europesays.com\/fr\/wp-json\/wp\/v2\/tags?post=261037"}],"curies":[{"name":"wp","href":"https:\/\/api.w.org\/{rel}","templated":true}]}}