{"id":261057,"date":"2025-07-20T12:25:13","date_gmt":"2025-07-20T12:25:13","guid":{"rendered":"https:\/\/www.europesays.com\/fr\/261057\/"},"modified":"2025-07-20T12:25:13","modified_gmt":"2025-07-20T12:25:13","slug":"le-risque-maximal-de-baines-met-les-baigneurs-en-danger-en-nouvelle-aquitaine-de-quoi-sagit-il","status":"publish","type":"post","link":"https:\/\/www.europesays.com\/fr\/261057\/","title":{"rendered":"Le \u00ab\u00a0risque\u00a0maximal\u00a0\u00bb de \u00ab\u00a0ba\u00efnes\u00a0\u00bb met les baigneurs en danger\u00a0en Nouvelle-Aquitaine de quoi s\u2019agit-il\u00a0?"},"content":{"rendered":"<p>        <img decoding=\"async\" loading=\"lazy\" src=\"https:\/\/www.europesays.com\/fr\/wp-content\/uploads\/2025\/07\/c6da6bd_1689428464395-screenshot-2023-07-15-15-40-56.png\"  width=\"728\" height=\"409\" alt=\"La pr\u00e9fecture de Nouvelle-Aquitaine a plac\u00e9 quatre d\u00e9partements en alerte \u00ab\u00a0maximale\u00a0\u00bb pour la baignade en raison des \u00ab\u00a0ba\u00efnes\u00a0\u00bb, ce 20\u00a0et 21\u00a0juillet 2025.\"\/>  <\/p>\n<p>JEAN-PIERRE MULLER \/ AFP<\/p>\n<p>La pr\u00e9fecture de Nouvelle-Aquitaine a plac\u00e9 quatre d\u00e9partements en alerte \u00ab\u00a0maximale\u00a0\u00bb pour la baignade en raison des \u00ab\u00a0ba\u00efnes\u00a0\u00bb, ce 20\u00a0et 21\u00a0juillet 2025.<\/p>\n<p class=\"asset asset-text\">ATLANTIQUE &#8211; \u00ab\u00a0La plus grande vigilance\u00a0\u00bb est requise. La pr\u00e9fecture de <a href=\"https:\/\/www.huffingtonpost.fr\/politique\/article\/le-departement-de-charente-mis-sous-tutelle-prefectorale-une-decision-rarissime_248866.html\" rel=\"nofollow noopener\" target=\"_blank\">Nouvelle-Aquitaine<\/a> a plac\u00e9 une bonne partie du <a href=\"https:\/\/www.huffingtonpost.fr\/environnement\/article\/la-seine-ouvre-a-la-baignade-mais-vous-avez-peur-d-e-coli-attendez-de-voir-les-plages-de-vos-vacances_252167.html\" rel=\"nofollow noopener\" target=\"_blank\">littoral atlantique<\/a> en \u00ab\u00a0risque maximal\u00a0\u00bb pour la baignade ce dimanche 20\u00a0juillet et lundi 21\u00a0juillet, en raison des \u00ab\u00a0courants de ba\u00efnes\u00a0\u00bb qui peuvent mettre les nageurs en danger.<\/p>\n<p class=\"asset asset-text\">Les plages des d\u00e9partements des Pyr\u00e9n\u00e9es-Atlantiques, de la Charente-Maritime, de la Gironde et des Landes sont concern\u00e9es. \u00ab\u00a0Pour votre s\u00e9curit\u00e9, baignez-vous entre les drapeaux des postes surveill\u00e9s\u00a0\u00bb, rappelle le pr\u00e9fet des Pyr\u00e9n\u00e9es-Atlantiques.<\/p>\n<p class=\"asset asset-text\">Les ba\u00efnes \u2013 mot qui signifie \u00ab\u00a0bassine, cuvette d\u2019eau\u00a0\u00bb en Gascon \u2013 sont des sortes de piscines naturelles qui se forment entre deux bancs de sable. Celles-ci peuvent appara\u00eetre au gr\u00e9 des mar\u00e9es et sont creus\u00e9es ensuite par les vagues. Mais derri\u00e8re leur apparence inoffensive, elles g\u00e9n\u00e8rent des courants extr\u00eamement violents et tuent chaque ann\u00e9e des nageurs.<\/p>\n<p> La lecture de ce contenu est susceptible d\u2019entra\u00eener un d\u00e9p\u00f4t de cookies de la part de l\u2019op\u00e9rateur tiers qui l\u2019h\u00e9berge. Compte-tenu des choix que vous avez exprim\u00e9s en mati\u00e8re de d\u00e9p\u00f4t de cookies, nous avons bloqu\u00e9 l\u2019affichage de ce contenu. Si vous souhaitez y acc\u00e9der, vous devez accepter la cat\u00e9gorie de cookies \u201cContenus tiers\u201d en cliquant sur le bouton ci-dessous. <\/p>\n<p> Lire la Vid\u00e9o        <\/p>\n<p class=\"asset asset-text\">Si ce ph\u00e9nom\u00e8ne est fr\u00e9quent sur la c\u00f4te Atlantique, \u00ab\u00a0ces courants sont particuli\u00e8rement forts\u00a0\u00bb pour ce dimanche et ce lundi, et \u00ab\u00a0pourraient facilement vous entra\u00eener vers le large\u00a0\u00bb. Le pr\u00e9fet de Charente-Maritime indique d\u2019ailleurs que la baignade est \u00ab\u00a0fortement d\u00e9conseill\u00e9e\u00a0\u00bb sur cinq plages du d\u00e9partement\u00a0: Grand Village Plage, Saint-Georges d\u2019Ol\u00e9ron, Saint-Trojan, La Tremblade et les Mathes.<\/p>\n<p>                     <strong>Ne pas rejoindre le rivage<\/strong>    <\/p>\n<p class=\"asset asset-text\">Les plages de sable fin, avec peu de d\u00e9nivel\u00e9, o\u00f9 les mar\u00e9es et la houle sont importantes sont davantage propices \u00e0 la formation de ba\u00efnes. Pour les rep\u00e9rer, il faut trouver les bancs de sable dans l\u2019oc\u00e9an gr\u00e2ce \u00e0 la mousse blanche form\u00e9e par les vagues qui s\u2019y cassent. Les ba\u00efnes jouxtent ces bancs de sable et la mer y est souvent plus calme.<\/p>\n<p> La lecture de ce contenu est susceptible d\u2019entra\u00eener un d\u00e9p\u00f4t de cookies de la part de l\u2019op\u00e9rateur tiers qui l\u2019h\u00e9berge. Compte-tenu des choix que vous avez exprim\u00e9s en mati\u00e8re de d\u00e9p\u00f4t de cookies, nous avons bloqu\u00e9 l\u2019affichage de ce contenu. Si vous souhaitez y acc\u00e9der, vous devez accepter la cat\u00e9gorie de cookies \u201cContenus tiers\u201d en cliquant sur le bouton ci-dessous. <\/p>\n<p> Lire la Vid\u00e9o        <\/p>\n<p class=\"asset asset-text\">Dans le cas o\u00f9 vous \u00eates emport\u00e9 par un tel courant, il est d\u00e9conseill\u00e9 de tenter de revenir \u00e0 la nage vers le rivage. En effet, le courant sera contre vous et vous vous fatiguerez sans pouvoir atteindre la plage. Il faut avant tout \u00e9conomiser votre \u00e9nergie, garder la t\u00eate hors de l\u2019eau et appeler \u00e0 l\u2019aide en levant les bras vers le ciel.<\/p>\n<p class=\"asset asset-text\">Si vous observez un baigneur coinc\u00e9 dans une ba\u00efne, pr\u00e9venez imm\u00e9diatement les sauveteurs qui se trouvent sur la plage et appelez le 112.<\/p>\n","protected":false},"excerpt":{"rendered":"JEAN-PIERRE MULLER \/ AFP La pr\u00e9fecture de Nouvelle-Aquitaine a plac\u00e9 quatre d\u00e9partements en alerte \u00ab\u00a0maximale\u00a0\u00bb pour la baignade&hellip;\n","protected":false},"author":2,"featured_media":261058,"comment_status":"","ping_status":"","sticky":false,"template":"","format":"standard","meta":{"footnotes":""},"categories":[4],"tags":[11,15109,436,1011,27,2905,8530,12,25,9673],"class_list":{"0":"post-261057","1":"post","2":"type-post","3":"status-publish","4":"format-standard","5":"has-post-thumbnail","7":"category-france","8":"tag-actualites","9":"tag-baignade","10":"tag-environnement","11":"tag-fr","12":"tag-france","13":"tag-gironde","14":"tag-landes","15":"tag-news","16":"tag-republique-francaise","17":"tag-surveillance"},"share_on_mastodon":{"url":"https:\/\/pubeurope.com\/@fr\/114885553362764753","error":""},"_links":{"self":[{"href":"https:\/\/www.europesays.com\/fr\/wp-json\/wp\/v2\/posts\/261057","targetHints":{"allow":["GET"]}}],"collection":[{"href":"https:\/\/www.europesays.com\/fr\/wp-json\/wp\/v2\/posts"}],"about":[{"href":"https:\/\/www.europesays.com\/fr\/wp-json\/wp\/v2\/types\/post"}],"author":[{"embeddable":true,"href":"https:\/\/www.europesays.com\/fr\/wp-json\/wp\/v2\/users\/2"}],"replies":[{"embeddable":true,"href":"https:\/\/www.europesays.com\/fr\/wp-json\/wp\/v2\/comments?post=261057"}],"version-history":[{"count":0,"href":"https:\/\/www.europesays.com\/fr\/wp-json\/wp\/v2\/posts\/261057\/revisions"}],"wp:featuredmedia":[{"embeddable":true,"href":"https:\/\/www.europesays.com\/fr\/wp-json\/wp\/v2\/media\/261058"}],"wp:attachment":[{"href":"https:\/\/www.europesays.com\/fr\/wp-json\/wp\/v2\/media?parent=261057"}],"wp:term":[{"taxonomy":"category","embeddable":true,"href":"https:\/\/www.europesays.com\/fr\/wp-json\/wp\/v2\/categories?post=261057"},{"taxonomy":"post_tag","embeddable":true,"href":"https:\/\/www.europesays.com\/fr\/wp-json\/wp\/v2\/tags?post=261057"}],"curies":[{"name":"wp","href":"https:\/\/api.w.org\/{rel}","templated":true}]}}