{"id":261059,"date":"2025-07-20T12:26:11","date_gmt":"2025-07-20T12:26:11","guid":{"rendered":"https:\/\/www.europesays.com\/fr\/261059\/"},"modified":"2025-07-20T12:26:11","modified_gmt":"2025-07-20T12:26:11","slug":"les-alpes-maritimes-et-le-var-en-vigilance-jaune-aux-orages-cet-apres-midi-21-departements-en-alerte-orange-le-point-sur-la-meteo-de-ce-dimanche-20-juillet","status":"publish","type":"post","link":"https:\/\/www.europesays.com\/fr\/261059\/","title":{"rendered":"Les Alpes-Maritimes et le Var en vigilance jaune aux orages cet apr\u00e8s-midi, 21 d\u00e9partements en alerte orange&#8230; le point sur la m\u00e9t\u00e9o de ce dimanche 20 juillet"},"content":{"rendered":"<p>M\u00e9t\u00e9o-France a \u00e9tendu la vigilance orange orages \u00e0 <strong>21 d\u00e9partements du nord-est et du centre-est dimanche apr\u00e8s-midi<\/strong> et plac\u00e9 l&rsquo;Is\u00e8re et les deux Savoie en vigilance pluie-inondations dans la soir\u00e9e.\u00a0<\/p>\n<p><strong>Les zones concern\u00e9es par la vigilance orange sont<\/strong> l&rsquo;Alsace (67,68), la Franche-Comt\u00e9 (70,25,39), la Sa\u00f4ne-et-Loire, Rh\u00f4ne-Alpes (42,69,01,74,73,38,26,07), la Moselle, la Meurthe-et-Moselle, la Meuse, les Vosges, la Haute-Marne, la C\u00f4te-d&rsquo;Or et le Territoire de Belfort.\u00a0<\/p>\n<p>Les d\u00e9partements, <strong>plac\u00e9s en vigilance \u00e0 partir de 13h00 et jusqu&rsquo;\u00e0 minuit<\/strong>, vont conna\u00eetre un \u00ab\u00a0\u00e9pisode orageux notable\u00a0\u00bb avec des \u00ab\u00a0forts cumuls de pluie attendus\u00a0\u00bb et \u00ab\u00a0une forte probabilit\u00e9 de ph\u00e9nom\u00e8nes violents\u00a0\u00bb, pr\u00e9vient le service m\u00e9t\u00e9orologique dans son dernier bulletin, publi\u00e9 \u00e0 10h00.<\/p>\n<p>Le service pr\u00e9voit des rafales de vent entre 70 et 90km\/h qui pourront atteindre<strong> \u00ab\u00a0tr\u00e8s ponctuellement\u00a0\u00bb 120km\/h sur le nord-est du pays, des \u00ab\u00a0intensit\u00e9s pluvieuses de l&rsquo;ordre de 15 \u00e0 30 mm\u00a0\u00bb voire 40 mm<\/strong> \u00ab\u00a0tr\u00e8s localement\u00a0\u00bb en une heure, \u00ab\u00a0des chutes de gr\u00eale de petite taille voire moyenne\u00a0\u00bb et une \u00ab\u00a0densit\u00e9 de foudroiement particuli\u00e8rement marqu\u00e9e\u00a0\u00bb.<\/p>\n<p>                                Qu&rsquo;en est-il des Alpes-Maritimes et du Var?<\/p>\n<p>Localement, il fera <strong>jusqu&rsquo;\u00e0 28\u00b0C dans les Alpes-Maritimes<\/strong> ce samedi, et <strong>jusqu&rsquo;\u00e0 29\u00b0C dans le Var<\/strong>, malgr\u00e9 la pluie et les orages, qui devraient arriver par le nord en d\u00e9but d&rsquo;apr\u00e8s-midi.<\/p>\n<p>Nos deux d\u00e9partements ont ainsi \u00e9t\u00e9 plac\u00e9s en vigilance jaune, <strong>entre 13h et 19h pour le Var et entre 13h et 22h pour les Alpes-Maritimes.<\/strong><\/p>\n<p>\u00c0 noter, la Savoie, la Haute-Savoie et l&rsquo;Is\u00e8re sont, elles, plac\u00e9es<strong> en vigilance orange \u00ab\u00a0pluie-inondation\u00a0\u00bb<\/strong> \u00e0 partir de 20h ce dimanche, jusqu&rsquo;\u00e0 6h lundi.<\/p>\n<p>                                Que faire en cas de vigilance jaune?<\/p>\n<p><strong>La vigilance jaune invite d\u00e9j\u00e0 \u00e0 la prudence<\/strong>, surtout lors de pratiques sensibles comme la randonn\u00e9e, les sorties en mer ou les activit\u00e9s en altitude.<\/p>\n<p>Bien que les orages annonc\u00e9s restent dans l\u2019ensemble mod\u00e9r\u00e9s pour la r\u00e9gion, ils peuvent surprendre par leur intensit\u00e9 locale, <strong>provoquant des ruissellements soudains,<\/strong> de petites inondations ou des coupures temporaires d\u2019\u00e9lectricit\u00e9.<\/p>\n<p>Les autorit\u00e9s recommandent de <strong>se tenir inform\u00e9 de l\u2019\u00e9volution de la situation<\/strong> et d\u2019adapter ses d\u00e9placements ou activit\u00e9s si n\u00e9cessaire:<\/p>\n<p>&#8211; Restez attentif aux bulletins M\u00e9t\u00e9o-France\u202f;<br \/>&#13;<br \/>\n&#8211; \u00c9vitez les zones bois\u00e9es, les points bas et les rivi\u00e8res en crue\u202f;<br \/>&#13;<br \/>\n&#8211; Abritez-vous \u00e0 l\u2019int\u00e9rieur lors d\u2019un orage\u202f;<br \/>&#13;<br \/>\n&#8211; Ne prenez pas la mer ou la route en cas de d\u00e9gradation rapide.<\/p>\n","protected":false},"excerpt":{"rendered":"M\u00e9t\u00e9o-France a \u00e9tendu la vigilance orange orages \u00e0 21 d\u00e9partements du nord-est et du centre-est dimanche apr\u00e8s-midi et&hellip;\n","protected":false},"author":2,"featured_media":261060,"comment_status":"","ping_status":"","sticky":false,"template":"","format":"standard","meta":{"footnotes":""},"categories":[2],"tags":[11,1011,27,2487,12],"class_list":{"0":"post-261059","1":"post","2":"type-post","3":"status-publish","4":"format-standard","5":"has-post-thumbnail","7":"category-actualites","8":"tag-actualites","9":"tag-fr","10":"tag-france","11":"tag-meteo","12":"tag-news"},"share_on_mastodon":{"url":"https:\/\/pubeurope.com\/@fr\/114885557137435413","error":""},"_links":{"self":[{"href":"https:\/\/www.europesays.com\/fr\/wp-json\/wp\/v2\/posts\/261059","targetHints":{"allow":["GET"]}}],"collection":[{"href":"https:\/\/www.europesays.com\/fr\/wp-json\/wp\/v2\/posts"}],"about":[{"href":"https:\/\/www.europesays.com\/fr\/wp-json\/wp\/v2\/types\/post"}],"author":[{"embeddable":true,"href":"https:\/\/www.europesays.com\/fr\/wp-json\/wp\/v2\/users\/2"}],"replies":[{"embeddable":true,"href":"https:\/\/www.europesays.com\/fr\/wp-json\/wp\/v2\/comments?post=261059"}],"version-history":[{"count":0,"href":"https:\/\/www.europesays.com\/fr\/wp-json\/wp\/v2\/posts\/261059\/revisions"}],"wp:featuredmedia":[{"embeddable":true,"href":"https:\/\/www.europesays.com\/fr\/wp-json\/wp\/v2\/media\/261060"}],"wp:attachment":[{"href":"https:\/\/www.europesays.com\/fr\/wp-json\/wp\/v2\/media?parent=261059"}],"wp:term":[{"taxonomy":"category","embeddable":true,"href":"https:\/\/www.europesays.com\/fr\/wp-json\/wp\/v2\/categories?post=261059"},{"taxonomy":"post_tag","embeddable":true,"href":"https:\/\/www.europesays.com\/fr\/wp-json\/wp\/v2\/tags?post=261059"}],"curies":[{"name":"wp","href":"https:\/\/api.w.org\/{rel}","templated":true}]}}