{"id":261061,"date":"2025-07-20T12:27:10","date_gmt":"2025-07-20T12:27:10","guid":{"rendered":"https:\/\/www.europesays.com\/fr\/261061\/"},"modified":"2025-07-20T12:27:10","modified_gmt":"2025-07-20T12:27:10","slug":"loire-a47-a72-n88-les-travaux-denvergure-se-poursuivent-sur-les-routes-du-departement","status":"publish","type":"post","link":"https:\/\/www.europesays.com\/fr\/261061\/","title":{"rendered":"Loire. A47, A72, N88&#8230; Les travaux d&rsquo;envergure se poursuivent sur les routes du d\u00e9partement"},"content":{"rendered":"<p>A47<\/p>\n<p>Saint-Chamond (\u00e9largissement de bande d\u2019arr\u00eat d\u2019urgence)<\/p>\n<p>Dans le sens Saint-\u00c9tienne\/Lyon, la circulation se fait sur des voies de largeurs r\u00e9duites jusqu\u2019au 11 septembre. Par ailleurs, la vitesse est r\u00e9duite \u00e0 70 km\/h avec interdiction de d\u00e9passement pour les v\u00e9hicules de plus de 3,5 tonnes.<\/p>\n<p>Par ailleurs, dans le sens Saint-\u00c9tienne\/Lyon toujours, la voie de droite sera neutralis\u00e9e les nuits du lundi 21, du mardi 22, du mercredi 23, du jeudi 24 juillet de 9 \u00e0 16 heures.<\/p>\n<p>Lorette (r\u00e9paration d\u2019un mur de sout\u00e8nement)<\/p>\n<p>La circulation dans le sens Saint-\u00c9tienne\/Lyon s\u2019effectue sur des voies de largeur r\u00e9duite de mani\u00e8re permanente jusqu\u2019au 26 septembre 2025. La vitesse est limit\u00e9e \u00e0 70 km\/h avec interdiction de d\u00e9passement pour les v\u00e9hicules de plus de 3,5 tonnes.<\/p>\n<p>  Givors (s\u00e9curisation arbre)<\/p>\n<p>Dans le sens Lyon\/Saint-\u00c9tienne, la voie de droite sera neutralis\u00e9e la journ\u00e9e du mardi 22 juillet de 9 \u00e0 16 heures.<\/p>\n<p>Givors \u00e0 Saint-Chamond (marquage peinture)<\/p>\n<p>Les voies de gauche ou de droite seront neutralis\u00e9es, alternativement, dans les deux sens de circulation, les nuits du lundi 21, du mardi 22, du mercredi 23 et du jeudi 24 juillet de 21\u00a0heures \u00e0 6\u00a0heures.<\/p>\n<p>N88<\/p>\n<p>Saint-\u00c9tienne (travaux d\u2019am\u00e9nagement)<\/p>\n<p>Dans le sens Firminy\/Saint-\u00c9tienne, la bretelle de sortie N\u00b024 \u00ab Annonay &#8211; Col de la R\u00e9publique &#8211; Bourg-Argental\u00a0\u00bb est ferm\u00e9e \u00e0 la circulation de mani\u00e8re permanente jusqu\u2019au 10 octobre 2025.<\/p>\n<p>Saint-Chamond la Varizelle (cr\u00e9ation d\u2019un demi-\u00e9changeur)<\/p>\n<p>Jusqu\u2019au 3 septembre :<\/p>\n<p>&#8211; La voie de gauche du sens Lyon\/Saint-\u00c9tienne est neutralis\u00e9e et la circulation sur les deux voies restantes s\u2019effectue sur des voies de largeur r\u00e9duite. La vitesse est limit\u00e9e \u00e0 70 km\/h avec interdiction de d\u00e9passement pour les v\u00e9hicules de plus de 3,5 tonnes.<\/p>\n<p>&#8211; La voie de gauche du sens Saint-\u00c9tienne\/Lyon est neutralis\u00e9e et la circulation sur les deux voies restantes s\u2019effectue sur des voies de largeur r\u00e9duite. La vitesse est limit\u00e9e \u00e0 70 km\/h avec interdiction de d\u00e9passement pour les v\u00e9hicules de plus de 3,5 tonnes.<\/p>\n<p>A72<\/p>\n<p>Andr\u00e9zieux-Bouth\u00e9on (am\u00e9nagement de l\u2019\u00e9changeur n\u00b09 de la Gouyonni\u00e8re)<\/p>\n<p>Dans le sens Saint-\u00c9tienne\/Clermont-Ferrand :<\/p>\n<p>&#8211; La bretelle d\u2019entr\u00e9e de l\u2019\u00e9changeur n\u00b09 en direction de Clermont-Ferrand est ferm\u00e9e de mani\u00e8re permanente jusqu\u2019au 29 ao\u00fbt.<\/p>\n<p>Une d\u00e9viation est mise en place via la RD1082 afin de reprendre l\u2019A72 en direction de Clermont-Ferrand par la bretelle d\u2019entr\u00e9e de l\u2019\u00e9changeur n\u00b08.<\/p>\n<p>&#8211; La bretelle de sortie 9b (vers Montbrison\/Saint-Just-Saint-Rambert) est ferm\u00e9e \u00e0 la circulation de mani\u00e8re permanente jusqu\u2019au 29 ao\u00fbt.<\/p>\n<p>Une d\u00e9viation \u00e0 l&rsquo;attention des usagers est mise en place selon l&rsquo;itin\u00e9raire suivant : bretelle de sortie 9a, RD100, \u00e9changeur de l\u2019envol, retour sur RD100, giratoire de la Gouyonni\u00e8re.<\/p>\n<p>  \u00c9changeur n\u00b010 de Ratarieux (doublement de bretelle)<\/p>\n<p>Dans le sens Saint-\u00c9tienne vers Clermont-Ferrand, la bretelle de sortie de l&rsquo;\u00e9changeur N\u00b010 en direction de l&rsquo;h\u00f4pital Nord est ferm\u00e9e \u00e0 la circulation jusqu\u2019au 6 ao\u00fbt.<\/p>\n<p>Une d\u00e9viation \u00e0 l&rsquo;attention des usagers est mise en place selon l&rsquo;itin\u00e9raire suivant : bretelle en direction du centre commercial Leroy Merlin et RD1082.<\/p>\n<p>RN88\/A72<\/p>\n<p>Saint-\u00c9tienne (nids de poules)<\/p>\n<p>Les voies seront neutralis\u00e9es, alternativement, dans les deux sens de circulation, les nuits du lundi 21, du mardi 22, du mercredi 23 et du jeudi 24 juillet de 21\u00a0heures \u00e0 6\u00a0heures.<\/p>\n","protected":false},"excerpt":{"rendered":"A47 Saint-Chamond (\u00e9largissement de bande d\u2019arr\u00eat d\u2019urgence) Dans le sens Saint-\u00c9tienne\/Lyon, la circulation se fait sur des voies&hellip;\n","protected":false},"author":2,"featured_media":261062,"comment_status":"","ping_status":"","sticky":false,"template":"","format":"standard","meta":{"footnotes":""},"categories":[9653],"tags":[1111,11,17136,2430,3542,7359,7539,1777,674,1011,27,3367,18870,12,25,9669,4001],"class_list":{"0":"post-261061","1":"post","2":"type-post","3":"status-publish","4":"format-standard","5":"has-post-thumbnail","7":"category-saint-etienne","8":"tag-actu","9":"tag-actualites","10":"tag-andrezieux-boutheon","11":"tag-auvergne-rhone-alpes","12":"tag-circulation","13":"tag-edition-loire-centre","14":"tag-edition-loire-sud","15":"tag-eu","16":"tag-europe","17":"tag-fr","18":"tag-france","19":"tag-loire","20":"tag-lorette","21":"tag-news","22":"tag-republique-francaise","23":"tag-saint-chamond","24":"tag-saint-etienne"},"share_on_mastodon":{"url":"https:\/\/pubeurope.com\/@fr\/114885561194421454","error":""},"_links":{"self":[{"href":"https:\/\/www.europesays.com\/fr\/wp-json\/wp\/v2\/posts\/261061","targetHints":{"allow":["GET"]}}],"collection":[{"href":"https:\/\/www.europesays.com\/fr\/wp-json\/wp\/v2\/posts"}],"about":[{"href":"https:\/\/www.europesays.com\/fr\/wp-json\/wp\/v2\/types\/post"}],"author":[{"embeddable":true,"href":"https:\/\/www.europesays.com\/fr\/wp-json\/wp\/v2\/users\/2"}],"replies":[{"embeddable":true,"href":"https:\/\/www.europesays.com\/fr\/wp-json\/wp\/v2\/comments?post=261061"}],"version-history":[{"count":0,"href":"https:\/\/www.europesays.com\/fr\/wp-json\/wp\/v2\/posts\/261061\/revisions"}],"wp:featuredmedia":[{"embeddable":true,"href":"https:\/\/www.europesays.com\/fr\/wp-json\/wp\/v2\/media\/261062"}],"wp:attachment":[{"href":"https:\/\/www.europesays.com\/fr\/wp-json\/wp\/v2\/media?parent=261061"}],"wp:term":[{"taxonomy":"category","embeddable":true,"href":"https:\/\/www.europesays.com\/fr\/wp-json\/wp\/v2\/categories?post=261061"},{"taxonomy":"post_tag","embeddable":true,"href":"https:\/\/www.europesays.com\/fr\/wp-json\/wp\/v2\/tags?post=261061"}],"curies":[{"name":"wp","href":"https:\/\/api.w.org\/{rel}","templated":true}]}}