{"id":26107,"date":"2025-04-15T07:28:10","date_gmt":"2025-04-15T07:28:10","guid":{"rendered":"https:\/\/www.europesays.com\/fr\/26107\/"},"modified":"2025-04-15T07:28:10","modified_gmt":"2025-04-15T07:28:10","slug":"une-jeune-femme-de-19-ans-accuse-de-viol-un-chauffeur-vtc-pendant-une-course-de-nuit","status":"publish","type":"post","link":"https:\/\/www.europesays.com\/fr\/26107\/","title":{"rendered":"une jeune femme de 19 ans accuse de viol un chauffeur VTC pendant une course de nuit"},"content":{"rendered":"<p>            Par<br \/>\n        <strong><br \/>\n            <a href=\"https:\/\/actu.fr\/auteur\/antoine-blanchet\" title=\"Consulter tous les articles de Antoine Blanchet\" rel=\"nofollow noopener\" target=\"_blank\">Antoine Blanchet<\/a><br \/>\n        <\/strong><\/p>\n<p>        Publi\u00e9 le<\/p>\n<p>            14 avr. 2025 \u00e0 18h16        <\/p>\n<p>Une agression survenue \u00e0 la fin d\u2019une course. Une jeune femme de 19\u00a0ans <strong>accuse un chauffeur VTC de l\u2019entreprise Bolt de l\u2019avoir viol\u00e9e<\/strong> \u00e0 <a href=\"https:\/\/actu.fr\/paris\/\" rel=\"nofollow noopener\" target=\"_blank\">Paris<\/a> vendredi 11\u00a0avril 2025, a r\u00e9v\u00e9l\u00e9 le <a href=\"https:\/\/www.lejdd.fr\/Societe\/info-jdd-une-jeune-femme-de-19-ans-violee-par-un-chauffeur-bolt-a-paris-157039\" rel=\"nofollow noopener\" target=\"_blank\">JDD<\/a>. Une enqu\u00eate a \u00e9t\u00e9 ouverte pour ces faits, nous confirme le parquet.<\/p>\n<p>Viol\u00e9e \u00e0 l\u2019arri\u00e8re du v\u00e9hicule<\/p>\n<p class=\" wall-content\">Les faits ont eu lieu dans la nuit. La jeune femme devait rentrer chez elle dans le 16e arrondissement. Dans des circonstances qui restent \u00e0 \u00e9claircir, <strong>vers la porte de Saint-Cloud<\/strong>, le conducteur aurait stopp\u00e9 sa course avant de violer la victime \u00e0 l\u2019arri\u00e8re de son v\u00e9hicule. Il l\u2019aurait ensuite d\u00e9pos\u00e9e \u00e0 son domicile.<\/p>\n<p>Le chauffeur bloqu\u00e9 par Bolt<\/p>\n<p class=\" wall-content\">Apr\u00e8s un signalement de la jeune femme aux autorit\u00e9s, une enqu\u00eate a \u00e9t\u00e9 ouverte et confi\u00e9e au <strong>premier district de police judiciaire<\/strong>. \u00ab\u2009Nous sommes profond\u00e9ment choqu\u00e9s et boulevers\u00e9s par ces faits Nos pens\u00e9es vont avant tout \u00e0 la victime\u2009\u00bb, indique Bolt dans un communiqu\u00e9. L\u2019entreprise de VTC d\u00e9clare \u00e9galement avoir bloqu\u00e9 le chauffeur concern\u00e9 et lanc\u00e9 une enqu\u00eate interne.<\/p>\n<p class=\" wall-content\">Bolt a par ailleurs rappel\u00e9 avoir mis en place fin janvier un dispositif nomm\u00e9 <strong>\u00ab\u2009Women for Women\u2009\u00bb.<\/strong> Ce dernier permet aux usag\u00e8res qui le souhaitent de n\u2019\u00eatre prises en charge que par des femmes. Le dispositif fonctionne \u00e0 Paris et dans 11 autres villes de France.<\/p>\n<p class=\" wall-content\">Suivez toute l\u2019actualit\u00e9 de vos villes et m\u00e9dias favoris en vous inscrivant \u00e0 <a href=\"https:\/\/moncompte.actu.fr\" title=\"D\u00e9couvez Mon Actu\" rel=\"nofollow noopener\" data-trk=\"{&quot;cta&quot;:{&quot;action&quot;:&quot;https:\\\/\\\/moncompte.actu.fr&quot;,&quot;category&quot;:&quot;mon compte&quot;,&quot;from&quot;:&quot;article footer&quot;,&quot;name&quot;:&quot;Mon actu&quot;,&quot;type&quot;:&quot;cta&quot;}}\" target=\"_blank\">Mon Actu<\/a>.<\/p>\n","protected":false},"excerpt":{"rendered":"Par Antoine Blanchet Publi\u00e9 le 14 avr. 2025 \u00e0 18h16 Une agression survenue \u00e0 la fin d\u2019une course.&hellip;\n","protected":false},"author":2,"featured_media":26108,"comment_status":"","ping_status":"","sticky":false,"template":"","format":"standard","meta":{"footnotes":""},"categories":[1888],"tags":[1111,1928,11,1927,1777,674,118,1011,27,12,1926,626,1925,25,799],"class_list":{"0":"post-26107","1":"post","2":"type-post","3":"status-publish","4":"format-standard","5":"has-post-thumbnail","7":"category-paris","8":"tag-actu","9":"tag-actu-paris","10":"tag-actualites","11":"tag-actualites-paris","12":"tag-eu","13":"tag-europe","14":"tag-faits-divers","15":"tag-fr","16":"tag-france","17":"tag-news","18":"tag-news-paris","19":"tag-paris","20":"tag-paris-news","21":"tag-republique-francaise","22":"tag-violences-sexuelles"},"share_on_mastodon":{"url":"https:\/\/pubeurope.com\/@fr\/114340803650647946","error":""},"_links":{"self":[{"href":"https:\/\/www.europesays.com\/fr\/wp-json\/wp\/v2\/posts\/26107","targetHints":{"allow":["GET"]}}],"collection":[{"href":"https:\/\/www.europesays.com\/fr\/wp-json\/wp\/v2\/posts"}],"about":[{"href":"https:\/\/www.europesays.com\/fr\/wp-json\/wp\/v2\/types\/post"}],"author":[{"embeddable":true,"href":"https:\/\/www.europesays.com\/fr\/wp-json\/wp\/v2\/users\/2"}],"replies":[{"embeddable":true,"href":"https:\/\/www.europesays.com\/fr\/wp-json\/wp\/v2\/comments?post=26107"}],"version-history":[{"count":0,"href":"https:\/\/www.europesays.com\/fr\/wp-json\/wp\/v2\/posts\/26107\/revisions"}],"wp:featuredmedia":[{"embeddable":true,"href":"https:\/\/www.europesays.com\/fr\/wp-json\/wp\/v2\/media\/26108"}],"wp:attachment":[{"href":"https:\/\/www.europesays.com\/fr\/wp-json\/wp\/v2\/media?parent=26107"}],"wp:term":[{"taxonomy":"category","embeddable":true,"href":"https:\/\/www.europesays.com\/fr\/wp-json\/wp\/v2\/categories?post=26107"},{"taxonomy":"post_tag","embeddable":true,"href":"https:\/\/www.europesays.com\/fr\/wp-json\/wp\/v2\/tags?post=26107"}],"curies":[{"name":"wp","href":"https:\/\/api.w.org\/{rel}","templated":true}]}}