{"id":261075,"date":"2025-07-20T12:39:11","date_gmt":"2025-07-20T12:39:11","guid":{"rendered":"https:\/\/www.europesays.com\/fr\/261075\/"},"modified":"2025-07-20T12:39:11","modified_gmt":"2025-07-20T12:39:11","slug":"roller-hockey-quatre-departs-chez-les-yetis-de-grenoble","status":"publish","type":"post","link":"https:\/\/www.europesays.com\/fr\/261075\/","title":{"rendered":"Roller-hockey. Quatre d\u00e9parts chez les Yeti\u2019s de Grenoble"},"content":{"rendered":"<p>Le club grenoblois a annonc\u00e9 quatre d\u00e9parts. Appr\u00e9ci\u00e9 de tous durant ses six saisons au club, l\u2019arri\u00e8re Eliott Machy \u00e9tait devenu le patron de la d\u00e9fense et avait endoss\u00e9 le capitanat au regard de ses qualit\u00e9s relationnelles.<\/p>\n<p>Autre pilier de la base arri\u00e8re, l\u2019International Th\u00e9o Faucherand figure parmi les meilleurs assistants de l\u2019\u00c9lite.<\/p>\n<p>De sa saison grenobloise, Valentin Gonzalez laissera le souvenir d\u2019un engagement total et d\u2019une grande dext\u00e9rit\u00e9 aux tirs au but. Avec le d\u00e9part de ces trois arri\u00e8res, c\u2019est toute la d\u00e9fense grenobloise qui est \u00e0 reconstruire autour de Lambert Hamon.<\/p>\n<p>\u00c0 l\u2019avant, c\u2019est Nathan Cloupeau, un grand espoir du club sacr\u00e9 champion de France en N2 et U20, qui s\u2019en va \u00e9galement.<\/p>\n","protected":false},"excerpt":{"rendered":"Le club grenoblois a annonc\u00e9 quatre d\u00e9parts. Appr\u00e9ci\u00e9 de tous durant ses six saisons au club, l\u2019arri\u00e8re Eliott&hellip;\n","protected":false},"author":2,"featured_media":261076,"comment_status":"","ping_status":"","sticky":false,"template":"","format":"standard","meta":{"footnotes":""},"categories":[9566],"tags":[1111,11,2430,112,1777,674,1701,1011,27,2731,2732,108,12,25,517],"class_list":{"0":"post-261075","1":"post","2":"type-post","3":"status-publish","4":"format-standard","5":"has-post-thumbnail","7":"category-grenoble","8":"tag-actu","9":"tag-actualites","10":"tag-auvergne-rhone-alpes","11":"tag-edition-grenoble-agglomeration","12":"tag-eu","13":"tag-europe","14":"tag-fil-info-sport","15":"tag-fr","16":"tag-france","17":"tag-grenoble","18":"tag-grenoble-bassin","19":"tag-isere","20":"tag-news","21":"tag-republique-francaise","22":"tag-sport"},"share_on_mastodon":{"url":"https:\/\/pubeurope.com\/@fr\/114885608348030969","error":""},"_links":{"self":[{"href":"https:\/\/www.europesays.com\/fr\/wp-json\/wp\/v2\/posts\/261075","targetHints":{"allow":["GET"]}}],"collection":[{"href":"https:\/\/www.europesays.com\/fr\/wp-json\/wp\/v2\/posts"}],"about":[{"href":"https:\/\/www.europesays.com\/fr\/wp-json\/wp\/v2\/types\/post"}],"author":[{"embeddable":true,"href":"https:\/\/www.europesays.com\/fr\/wp-json\/wp\/v2\/users\/2"}],"replies":[{"embeddable":true,"href":"https:\/\/www.europesays.com\/fr\/wp-json\/wp\/v2\/comments?post=261075"}],"version-history":[{"count":0,"href":"https:\/\/www.europesays.com\/fr\/wp-json\/wp\/v2\/posts\/261075\/revisions"}],"wp:featuredmedia":[{"embeddable":true,"href":"https:\/\/www.europesays.com\/fr\/wp-json\/wp\/v2\/media\/261076"}],"wp:attachment":[{"href":"https:\/\/www.europesays.com\/fr\/wp-json\/wp\/v2\/media?parent=261075"}],"wp:term":[{"taxonomy":"category","embeddable":true,"href":"https:\/\/www.europesays.com\/fr\/wp-json\/wp\/v2\/categories?post=261075"},{"taxonomy":"post_tag","embeddable":true,"href":"https:\/\/www.europesays.com\/fr\/wp-json\/wp\/v2\/tags?post=261075"}],"curies":[{"name":"wp","href":"https:\/\/api.w.org\/{rel}","templated":true}]}}