{"id":261077,"date":"2025-07-20T12:40:19","date_gmt":"2025-07-20T12:40:19","guid":{"rendered":"https:\/\/www.europesays.com\/fr\/261077\/"},"modified":"2025-07-20T12:40:19","modified_gmt":"2025-07-20T12:40:19","slug":"expo-pinault-a-rennes-un-basquiat-au-regard-hallucine","status":"publish","type":"post","link":"https:\/\/www.europesays.com\/fr\/261077\/","title":{"rendered":"Expo Pinault \u00e0 Rennes\u00a0: un Basquiat au regard hallucin\u00e9"},"content":{"rendered":"<p>Parmi les 90\u00a0portraits, pr\u00e9sent\u00e9s au Couvent des Jacobins \u00e0 Rennes, dans le cadre de<a href=\"https:\/\/rennes.maville.com\/actu\/actudet_-a-rennes-la-collection-pinault-fait-du-portrait-la-star-de-l-ete-2025-_7-6853580_actu.Htm\" target=\"_blank\" rel=\"noopener\"> l\u2019exposition Les yeux dans les yeux <\/a>, un tableau ne passe pas inaper\u00e7u. Celui d\u2019une t\u00eate d\u00e9charn\u00e9e, au regard hallucin\u00e9. L\u2019\u0153uvre porte la patte, reconnaissable entre toutes, de Jean-Michel Basquiat dont le coup de pinceau, lui-m\u00eame poss\u00e9d\u00e9, fr\u00e9n\u00e9tique semblait dict\u00e9 par l\u2019urgence. Un style que l\u2019artiste am\u00e9ricain avait h\u00e9rit\u00e9 d\u2019un d\u00e9but de carri\u00e8re en tant que graffeur dans les rues de New York.<\/p>\n<p>\t<img decoding=\"async\" src=\"https:\/\/www.europesays.com\/fr\/wp-content\/uploads\/2025\/07\/P35364688D6906636G_px_640_.jpg\" alt=\"photo jean-michel basquiat, l\u2019ancien artiste de rue devenu r\u00e9f\u00e9rence dans l\u2019art contemporain.  \u00a9  \u00a9 maripol\" width=\"640\" title=\" Jean-Michel Basquiat, l\u2019ancien artiste de rue devenu r\u00e9f\u00e9rence dans l\u2019art contemporain.   \u00a9 Maripol \"\/><\/p>\n<p class=\"elmt-legende\"> Jean-Michel Basquiat, l\u2019ancien artiste de rue devenu r\u00e9f\u00e9rence dans l\u2019art contemporain.   \u00a9 Maripol <\/p>\n<p>Basquiat et ses d\u00e9mons<\/p>\n<p>R\u00e9alis\u00e9e en 1982, cette T\u00eate d\u2019un fou est l\u2019une des attractions de l\u2019exposition Les yeux dans les yeux, con\u00e7ue autour du th\u00e8me du regard et issue de la collection Pinault. Elle se tient jusqu\u2019au 14\u00a0septembre, au Couvent des Jacobins.<\/p>\n<p>Pour beaucoup, la toile est consid\u00e9r\u00e9e comme un autoportrait de Basquiat, lui-m\u00eame confront\u00e9 \u00e0 ses d\u00e9mons et que la consommation de drogue a fini par emporter. Sa carri\u00e8re fut br\u00e8ve (l\u2019artiste est d\u00e9c\u00e9d\u00e9 en 1988 \u00e0 l\u2019\u00e2ge de 27\u00a0ans), sa gloire fulgurante et son \u0153uvre riche (plus de 800\u00a0peintures et plus de 1\u00a0000\u00a0dessins).<\/p>\n<p>\u00c0 l\u2019image de sa collaboration, particuli\u00e8rement prolifique avec Andy Warhol, le roi du pop art.\u00a0De 1983 \u00e0 1985, Jean-Michel Basquiat et Andy Warhol, d\u00e9c\u00e9d\u00e9 en 1987 \u00e0 58\u00a0ans, ont sign\u00e9 environ 160\u00a0toiles \u00ab\u00a0\u00e0 quatre mains\u00a0\u00bb, dont certaines parmi les plus grandes de leur carri\u00e8re respective.<\/p>\n<p>Basquiat admirait Warhol comme un personnage cl\u00e9 du monde de l\u2019art. Warhol louait Basquiat pour lui avoir redonn\u00e9 go\u00fbt \u00e0 la peinture. Depuis, l\u2019ancien graffeur, d\u2019origine ha\u00eftienne, est devenu l\u2019un des artistes am\u00e9ricains les plus chers de l\u2019histoire\u00a0: en 2017, l\u2019une de ses toiles a \u00e9t\u00e9 adjug\u00e9e aux ench\u00e8res pour 110, 5\u00a0millions de dollars. En 2023, sa fructueuse collaboration avec Warhol avait fait l\u2019objet d<a href=\"https:\/\/rennes.maville.com\/actu\/actudet_-exposition.-basquiat-et-warhol-une-amitie-sur-le-ring-de-l-art-a-la-fondation-vuitton-a-paris-_53511-5715297_actu.Htm\" target=\"_blank\" rel=\"noopener\">\u2019une large r\u00e9trospective \u00e0 la fondation Louis-Vuitton \u00e0 Paris.<\/a><\/p>\n<p><strong>Jusqu\u2019au 14\u00a0septembre, <\/strong> Les yeux dans les yeux, au Couvent des Jacobins, place Saint-Anne, \u00e0 Rennes. Du mardi au dimanche, de 10\u00a0h \u00e0 19\u00a0h, mercredi, nocturne jusqu\u2019\u00e0 22\u00a0h. Tarifs\u00a0: 12\u00a0\u20ac (comprend aussi l\u2019expo Claire Tabouret au mus\u00e9e des Beaux-arts), 7\u00a0\u20ac (r\u00e9duit), gratuit pour les moins de 26\u00a0ans.<\/p>\n<p>\u00a0<\/p>\n","protected":false},"excerpt":{"rendered":"Parmi les 90\u00a0portraits, pr\u00e9sent\u00e9s au Couvent des Jacobins \u00e0 Rennes, dans le cadre de l\u2019exposition Les yeux dans&hellip;\n","protected":false},"author":2,"featured_media":261078,"comment_status":"","ping_status":"","sticky":false,"template":"","format":"standard","meta":{"footnotes":""},"categories":[2821],"tags":[1111,11,40089,829,1777,674,12176,1011,27,40090,12,31225,36974,584,25,4937],"class_list":{"0":"post-261077","1":"post","2":"type-post","3":"status-publish","4":"format-standard","5":"has-post-thumbnail","7":"category-rennes","8":"tag-actu","9":"tag-actualites","10":"tag-basquiat","11":"tag-bretagne","12":"tag-eu","13":"tag-europe","14":"tag-expo","15":"tag-fr","16":"tag-france","17":"tag-hallucine","18":"tag-news","19":"tag-pinault","20":"tag-regard","21":"tag-rennes","22":"tag-republique-francaise","23":"tag-saint-brieuc"},"share_on_mastodon":{"url":"https:\/\/pubeurope.com\/@fr\/114885612301882485","error":""},"_links":{"self":[{"href":"https:\/\/www.europesays.com\/fr\/wp-json\/wp\/v2\/posts\/261077","targetHints":{"allow":["GET"]}}],"collection":[{"href":"https:\/\/www.europesays.com\/fr\/wp-json\/wp\/v2\/posts"}],"about":[{"href":"https:\/\/www.europesays.com\/fr\/wp-json\/wp\/v2\/types\/post"}],"author":[{"embeddable":true,"href":"https:\/\/www.europesays.com\/fr\/wp-json\/wp\/v2\/users\/2"}],"replies":[{"embeddable":true,"href":"https:\/\/www.europesays.com\/fr\/wp-json\/wp\/v2\/comments?post=261077"}],"version-history":[{"count":0,"href":"https:\/\/www.europesays.com\/fr\/wp-json\/wp\/v2\/posts\/261077\/revisions"}],"wp:featuredmedia":[{"embeddable":true,"href":"https:\/\/www.europesays.com\/fr\/wp-json\/wp\/v2\/media\/261078"}],"wp:attachment":[{"href":"https:\/\/www.europesays.com\/fr\/wp-json\/wp\/v2\/media?parent=261077"}],"wp:term":[{"taxonomy":"category","embeddable":true,"href":"https:\/\/www.europesays.com\/fr\/wp-json\/wp\/v2\/categories?post=261077"},{"taxonomy":"post_tag","embeddable":true,"href":"https:\/\/www.europesays.com\/fr\/wp-json\/wp\/v2\/tags?post=261077"}],"curies":[{"name":"wp","href":"https:\/\/api.w.org\/{rel}","templated":true}]}}