{"id":261079,"date":"2025-07-20T12:41:12","date_gmt":"2025-07-20T12:41:12","guid":{"rendered":"https:\/\/www.europesays.com\/fr\/261079\/"},"modified":"2025-07-20T12:41:12","modified_gmt":"2025-07-20T12:41:12","slug":"rennes-depose-a-lhopital-par-trois-individus-un-homme-grievement-blesse-decede","status":"publish","type":"post","link":"https:\/\/www.europesays.com\/fr\/261079\/","title":{"rendered":"Rennes : d\u00e9pos\u00e9 \u00e0 l&rsquo;h\u00f4pital par trois individus, un homme gri\u00e8vement bless\u00e9 d\u00e9c\u00e8de"},"content":{"rendered":"<ul class=\"jsx-862013697 ArticleChapo__List\">\n<li class=\"jsx-862013697 ArticleChapo__List_Item flex\">Une enqu\u00eate a \u00e9t\u00e9 ouverte pour \u00ab\u00a0homicide volontaire\u00a0\u00bb apr\u00e8s le d\u00e9c\u00e8s d&rsquo;un homme.<\/li>\n<li class=\"jsx-862013697 ArticleChapo__List_Item flex\">\u00c2g\u00e9e de 21 ans, la victime, bless\u00e9e, avait \u00e9t\u00e9 d\u00e9pos\u00e9e \u00e0 l&rsquo;h\u00f4pital samedi par trois individus.<\/li>\n<li class=\"jsx-862013697 ArticleChapo__List_Item flex\">Cinq personnes ont \u00e9t\u00e9 plac\u00e9es en garde \u00e0 vue et ont \u00e9t\u00e9 remises en libert\u00e9 sans poursuite.<\/li>\n<\/ul>\n<p data-module=\"article-paragraph\" class=\"jsx-3046738180 Paragraph\">Les circonstances de la violente agression survenue samedi soir \u00e0 Rennes qui s&rsquo;est sold\u00e9e par la mort d&rsquo;un homme sont pour l&rsquo;heure inconnues, mais de nombreuses investigations sont en cours.\u00a0<\/p>\n<p data-module=\"article-paragraph\" class=\"jsx-3046738180 Paragraph Paragraph__End\">Vers 20 heures, le 19 juillet, un jeune homme \u00e2g\u00e9 de 21 ans gri\u00e8vement bless\u00e9 a \u00e9t\u00e9 d\u00e9pos\u00e9 en voiture au centre hospitalier universitaire par trois individus. La victime, qui \u00ab\u00a0pr\u00e9sentait une plaie grave \u00e0 l&rsquo;abdomen semblant r\u00e9sulter de violences par arme blanche\u00a0\u00bb selon le parquet de Rennes, n&rsquo;a pas surv\u00e9cu. Son d\u00e9c\u00e8s a \u00e9t\u00e9 constat\u00e9 peu apr\u00e8s par un m\u00e9decin.<\/p>\n<p>Les individus ont dit ne pas conna\u00eetre la victime<\/p>\n<p data-module=\"article-paragraph\" class=\"jsx-3046738180 Paragraph Paragraph__End\">Imm\u00e9diatement alert\u00e9s, les policiers se sont rendus \u00e0 l&rsquo;h\u00f4pital o\u00f9 se trouvaient toujours les trois individus. \u00ab\u00a0Les trois occupants de ce v\u00e9hicule ont \u00e9t\u00e9 plac\u00e9s en garde \u00e0 vue dans le cadre de cette enqu\u00eate de flagrance criminelle. Ils ont d\u00e9clar\u00e9 ne pas conna\u00eetre la victime, qu\u2019ils ont prise en charge sur la voie publique, \u00e0 sa demande, pour l\u2019emmener \u00e0 l\u2019h\u00f4pital\u00a0\u00bb, pr\u00e9cise le parquet de Rennes.\u00a0<\/p>\n<p><a href=\"https:\/\/www.tf1info.fr\/justice-faits-divers\/gard-un-homme-de-19-ans-blesse-par-balles-puis-brule-la-scene-diffusee-sur-les-reseaux-sociaux-2383730.html\" rel=\"noopener\" class=\"jsx-3308031228 Link flex\" target=\"_blank\"><img decoding=\"async\" src=\"https:\/\/www.europesays.com\/fr\/wp-content\/uploads\/2025\/07\/illus-gendarmes-gendarmerie-de3403-0@1x.jpeg\" alt=\"iStock\" loading=\"lazy\" importance=\"low\" fetchpriority=\"low\" class=\"\" aria-hidden=\"true\"\/><\/p>\n<p class=\"jsx-3657663356 ReadMoreArticle__Title\">Lire aussi<\/p>\n<p class=\"jsx-3657663356\">Gard : un homme de 19 ans bless\u00e9 par balles puis br\u00fbl\u00e9, la sc\u00e8ne diffus\u00e9e sur les r\u00e9seaux sociaux<\/p>\n<p><\/a><\/p>\n<p data-module=\"article-paragraph\" class=\"jsx-3046738180 Paragraph Paragraph__End\">Dans l&rsquo;heure qui a suivi les faits, deux personnes se pr\u00e9sentant comme des connaissances de la victime sont, elles aussi, arriv\u00e9es en voiture \u00e0 l&rsquo;h\u00f4pital. \u00ab\u00a0Elles ont expliqu\u00e9 avoir \u00e9t\u00e9 alert\u00e9es par des tiers sur une sc\u00e8ne de violences survenue aux abords de la station de m\u00e9tro Cleunay lors de laquelle leur ami avec qui elles avaient pass\u00e9 une partie de la journ\u00e9e, avait re\u00e7u des coups de couteau\u00a0\u00bb, ajoute le parquet. Ces deux individus ont \u00e9galement \u00e9t\u00e9 plac\u00e9s en garde \u00e0 vue.\u00a0<\/p>\n<p>Tous les gard\u00e9s \u00e0 vue rel\u00e2ch\u00e9s<\/p>\n<p data-module=\"article-paragraph\" class=\"jsx-3046738180 Paragraph\">\u00ab\u00a0L\u2019enqu\u00eate confi\u00e9e \u00e0 la Division de la criminalit\u00e9 organis\u00e9e et sp\u00e9cialis\u00e9e\u00a0de Rennes a donn\u00e9 lieu depuis samedi soir \u00e0 des recoupements entre les d\u00e9clarations des cinq individus, qui ont communiqu\u00e9 aux enqu\u00eateurs tous les moyens de les v\u00e9rifier; \u00a0sans contradiction, ni incoh\u00e9rence relev\u00e9es dans leurs explications, ni \u00e9l\u00e9ments d\u2018implication pouvant leur \u00eatre oppos\u00e9s\u00a0\u00bb, r\u00e9v\u00e8le le parquet. Les cinq individus ont \u00e9t\u00e9 remis en libert\u00e9 ce dimanche.<\/p>\n<p data-module=\"article-paragraph\" class=\"jsx-3046738180 Paragraph Paragraph__End\">Une autopsie du corps de la victime sera r\u00e9alis\u00e9e dans les prochains jours. L&rsquo;enqu\u00eate se poursuit pour tenter de trouver le ou les agresseurs.\u00a0<\/p>\n<p>Aur\u00e9lie SARROT<\/p>\n","protected":false},"excerpt":{"rendered":"Une enqu\u00eate a \u00e9t\u00e9 ouverte pour \u00ab\u00a0homicide volontaire\u00a0\u00bb apr\u00e8s le d\u00e9c\u00e8s d&rsquo;un homme. \u00c2g\u00e9e de 21 ans, la&hellip;\n","protected":false},"author":2,"featured_media":261080,"comment_status":"","ping_status":"","sticky":false,"template":"","format":"standard","meta":{"footnotes":""},"categories":[2821],"tags":[1111,11,1921,829,1777,674,6017,1011,27,100,1922,303,2954,12,1072,584,25,133,2953],"class_list":{"0":"post-261079","1":"post","2":"type-post","3":"status-publish","4":"format-standard","5":"has-post-thumbnail","7":"category-rennes","8":"tag-actu","9":"tag-actualites","10":"tag-article-video","11":"tag-bretagne","12":"tag-eu","13":"tag-europe","14":"tag-fait-divers","15":"tag-fr","16":"tag-france","17":"tag-hopital","18":"tag-info","19":"tag-justice","20":"tag-justice-et-faits-divers","21":"tag-news","22":"tag-police","23":"tag-rennes","24":"tag-republique-francaise","25":"tag-video","26":"tag-video-police"},"share_on_mastodon":{"url":"https:\/\/pubeurope.com\/@fr\/114885616145334239","error":""},"_links":{"self":[{"href":"https:\/\/www.europesays.com\/fr\/wp-json\/wp\/v2\/posts\/261079","targetHints":{"allow":["GET"]}}],"collection":[{"href":"https:\/\/www.europesays.com\/fr\/wp-json\/wp\/v2\/posts"}],"about":[{"href":"https:\/\/www.europesays.com\/fr\/wp-json\/wp\/v2\/types\/post"}],"author":[{"embeddable":true,"href":"https:\/\/www.europesays.com\/fr\/wp-json\/wp\/v2\/users\/2"}],"replies":[{"embeddable":true,"href":"https:\/\/www.europesays.com\/fr\/wp-json\/wp\/v2\/comments?post=261079"}],"version-history":[{"count":0,"href":"https:\/\/www.europesays.com\/fr\/wp-json\/wp\/v2\/posts\/261079\/revisions"}],"wp:featuredmedia":[{"embeddable":true,"href":"https:\/\/www.europesays.com\/fr\/wp-json\/wp\/v2\/media\/261080"}],"wp:attachment":[{"href":"https:\/\/www.europesays.com\/fr\/wp-json\/wp\/v2\/media?parent=261079"}],"wp:term":[{"taxonomy":"category","embeddable":true,"href":"https:\/\/www.europesays.com\/fr\/wp-json\/wp\/v2\/categories?post=261079"},{"taxonomy":"post_tag","embeddable":true,"href":"https:\/\/www.europesays.com\/fr\/wp-json\/wp\/v2\/tags?post=261079"}],"curies":[{"name":"wp","href":"https:\/\/api.w.org\/{rel}","templated":true}]}}