{"id":261081,"date":"2025-07-20T12:43:29","date_gmt":"2025-07-20T12:43:29","guid":{"rendered":"https:\/\/www.europesays.com\/fr\/261081\/"},"modified":"2025-07-20T12:43:29","modified_gmt":"2025-07-20T12:43:29","slug":"la-preparation-estivale-du-racing-entierement-programmee-alsasports","status":"publish","type":"post","link":"https:\/\/www.europesays.com\/fr\/261081\/","title":{"rendered":"La pr\u00e9paration estivale du Racing enti\u00e8rement programm\u00e9e ! \u2014 Alsa&rsquo;Sports"},"content":{"rendered":"<p><strong>Le Racing Club de Strasbourg vient de communiquer ce vendredi les deux derniers matches amicaux qu\u2019il manquait \u00e0 sa pr\u00e9paration estivale. Retrouvez toutes les dates cl\u00e9s. <\/strong><\/p>\n<p>Les derniers matches amicaux viennent d\u2019\u00eatre d\u00e9sign\u00e9s. Apr\u00e8s avoir repris l\u2019entra\u00eenement au Racing Soprema Parc le lundi 7 juillet, Strasbourg va entamer sa s\u00e9rie de rencontres de pr\u00e9-saison d\u00e8s la semaine prochaine \u00e0 Colmar, avant de partir en stage en Autriche, pour lequel Direct Racing \/ Alsa\u2019sports sera pr\u00e9sent. <\/p>\n<p><strong>Le programme mis \u00e0 jour<\/strong><\/p>\n<ul class=\"wp-block-list\">\n<li>Mardi 22 juillet (19h \u00e0 Colmar) :\u00a0<strong>Racing<\/strong>\u00a0\u2013 AS Nancy-Lorraine<\/li>\n<li>Samedi 26 juillet (20h heure fran\u00e7aise, \u00e0 Istanbul)\u00a0: Galatasaray \u2013\u00a0<strong>Racing<\/strong><\/li>\n<li>Du 28 juillet au 2 ao\u00fbt : stage \u00e0 Bad H\u00e4ring en Autriche<\/li>\n<li>Mercredi 30 juillet (18h \u00e0 Jenbach en Autriche) : <strong>Racing<\/strong> \u2013 Udinese <\/li>\n<li>Samedi 2 ao\u00fbt (15h \u00e0 Jenbach en Autriche) :\u00a0<strong>Racing<\/strong>\u00a0\u2013 Heidenheim<\/li>\n<li>Samedi 9 ao\u00fbt (15h30 \u00e0 Mayence) : Mayence \u2013\u00a0<strong>Racing<\/strong><\/li>\n<\/ul>\n<p>Ces cinq rencontres seront \u00e0 suivre sur diff\u00e9rents canaux de diffusion. Sur la cha\u00eene Youtube du club, sur les cha\u00eenes Twitch et Youtube de RMC Sport, puis sur BFM Alsace qui retransmettra trois rencontres sur les cinq (Nancy, Galatasaray et Mayence). <\/p>\n","protected":false},"excerpt":{"rendered":"Le Racing Club de Strasbourg vient de communiquer ce vendredi les deux derniers matches amicaux qu\u2019il manquait \u00e0&hellip;\n","protected":false},"author":2,"featured_media":56426,"comment_status":"","ping_status":"","sticky":false,"template":"","format":"standard","meta":{"footnotes":""},"categories":[2820],"tags":[1111,11,1777,674,63,1011,27,775,12,4448,25,640],"class_list":{"0":"post-261081","1":"post","2":"type-post","3":"status-publish","4":"format-standard","5":"has-post-thumbnail","7":"category-strasbourg","8":"tag-actu","9":"tag-actualites","10":"tag-eu","11":"tag-europe","12":"tag-football","13":"tag-fr","14":"tag-france","15":"tag-grand-est","16":"tag-news","17":"tag-rc-strasbourg","18":"tag-republique-francaise","19":"tag-strasbourg"},"share_on_mastodon":{"url":"https:\/\/pubeurope.com\/@fr\/114885624046897689","error":""},"_links":{"self":[{"href":"https:\/\/www.europesays.com\/fr\/wp-json\/wp\/v2\/posts\/261081","targetHints":{"allow":["GET"]}}],"collection":[{"href":"https:\/\/www.europesays.com\/fr\/wp-json\/wp\/v2\/posts"}],"about":[{"href":"https:\/\/www.europesays.com\/fr\/wp-json\/wp\/v2\/types\/post"}],"author":[{"embeddable":true,"href":"https:\/\/www.europesays.com\/fr\/wp-json\/wp\/v2\/users\/2"}],"replies":[{"embeddable":true,"href":"https:\/\/www.europesays.com\/fr\/wp-json\/wp\/v2\/comments?post=261081"}],"version-history":[{"count":0,"href":"https:\/\/www.europesays.com\/fr\/wp-json\/wp\/v2\/posts\/261081\/revisions"}],"wp:featuredmedia":[{"embeddable":true,"href":"https:\/\/www.europesays.com\/fr\/wp-json\/wp\/v2\/media\/56426"}],"wp:attachment":[{"href":"https:\/\/www.europesays.com\/fr\/wp-json\/wp\/v2\/media?parent=261081"}],"wp:term":[{"taxonomy":"category","embeddable":true,"href":"https:\/\/www.europesays.com\/fr\/wp-json\/wp\/v2\/categories?post=261081"},{"taxonomy":"post_tag","embeddable":true,"href":"https:\/\/www.europesays.com\/fr\/wp-json\/wp\/v2\/tags?post=261081"}],"curies":[{"name":"wp","href":"https:\/\/api.w.org\/{rel}","templated":true}]}}