{"id":261082,"date":"2025-07-20T12:44:10","date_gmt":"2025-07-20T12:44:10","guid":{"rendered":"https:\/\/www.europesays.com\/fr\/261082\/"},"modified":"2025-07-20T12:44:10","modified_gmt":"2025-07-20T12:44:10","slug":"nice-iconic-se-fait-une-place-au-soleil","status":"publish","type":"post","link":"https:\/\/www.europesays.com\/fr\/261082\/","title":{"rendered":"Nice. Iconic se fait une place au soleil\u2026"},"content":{"rendered":"<p><img decoding=\"async\" src=\"https:\/\/www.europesays.com\/fr\/wp-content\/uploads\/2025\/07\/Iconic-nice.jpg\" title=\"\" alt=\"\"\/><\/p>\n<p>Il y a un an, Iconic ouvrait ses portes au c\u0153ur de la capitale azur\u00e9enne, afin de proposer un autre lieu de vie multidisciplinaire reliant la Gare Thiers et la ville, et \u00e0 cr\u00e9er une nouvelle dynamique commerciale et culturelle au service des Ni\u00e7ois et des visiteurs internationaux. En seulement douze mois, Iconic a trouv\u00e9 sa place. Les Ni\u00e7ois, qui l\u2019ont surnomm\u00e9 le \u00ab\u00a0diamant\u00a0\u00bb en r\u00e9f\u00e9rence \u00e0 son architecture sign\u00e9e par l\u2019architecte Daniel Libeskind. Il peut amorcer ainsi une nouvelle phase de d\u00e9veloppement, fid\u00e8le \u00e0 la vision port\u00e9e par <a href=\"https:\/\/www.compagniedephalsbourg.com\/\" title=\"\" target=\"\" rel=\"nofollow noopener\">la Compagnie de Phalsbourg<\/a> conceptrice et r\u00e9alisatrice de ce projet\u00a0: celle d\u2019un immeuble-ville profond\u00e9ment ancr\u00e9 dans la dynamique locale.\u00a0<\/p>\n<p>Iconic a su poser les fondations d\u2019un cadre o\u00f9 les gens aiment venir et revenir. Il constate le passage de 3 millions de visiteurs en un an au sein de sa promenade s\u00e9curis\u00e9e et v\u00e9g\u00e9talis\u00e9e\u00a0; un taux de remplissage de 100% pour l\u2019h\u00f4tel Hilton observ\u00e9 \u00e0 plusieurs reprises, avec une client\u00e8le m\u00ealant affaires, tourisme et s\u00e9jours \u00e9v\u00e9nementiels. L\u2019offre retail et l\u2019offre de restauration ont s\u00e9duit visiteurs et partenaires commerciaux, avec 100% des espaces commercialis\u00e9s et des enseignes de premier plan, incluant notamment Uniqlo, Monoprix, Starbucks, Five Guys, Kayser, Street Bangkok, Bagelstein, Amorino ou Foca.\u00a0<\/p>\n<p>In situ, le Metropolitan Sport Club &amp; Spa, la plus grande salle de sport du centre-ville, a \u00e9t\u00e9 inaugur\u00e9e au cours de l\u2019ann\u00e9e et rencontre une belle adh\u00e9sion gr\u00e2ce \u00e0 sa vue imprenable et ses 2 500 m 2 d\u00e9di\u00e9s au sport et au bien \u00eatre. Les \u00e9coles repr\u00e9sent\u00e9es par les groupes Aurlom et Comp\u00e9tences et D\u00e9veloppement (1000 \u00e9l\u00e8ves) renforcent l\u2019offre \u00e9ducative de la r\u00e9gion, ainsi que l\u2019arriv\u00e9e d\u2019une nouvelle \u00e9cole Scholae.<\/p>\n<p>D\u00e9ploy\u00e9 sur 20 000 m2, Iconic se caract\u00e9rise par la diversit\u00e9 et la compl\u00e9mentarit\u00e9 de son offre. L\u2019espace commercial, \u00e9ducatif et restauration ne cesse de renforcer son attractivit\u00e9. Le restaurant Pesca continue \u00e0 monter en puissance et anticipe une forte fr\u00e9quentation pour la saison estivale, notamment gr\u00e2ce \u00e0 son offre originale autour des produits de la mer et \u00e0 son rooftop. Le site continue \u00e9galement de voir le public affluer, gr\u00e2ce \u00e0 une programmation \u00e9v\u00e9nementielle estivale conviviale, avec notamment, chaque vendredi soir, des sets de DJ qui animent le parvis et contribuent \u00e0 l\u2019ambiance vibrante du site.<\/p>\n<p>Iconic poursuivra son d\u00e9veloppement au cours des prochains mois. D\u00e8s le deuxi\u00e8me trimestre 2026, une salle de spectacle accueillant jusqu\u2019\u00e0 1000 personnes offrira une programmation ambitieuse et vari\u00e9e avec des concerts, spectacles au croisement du divertissement, de la culture et de l\u2019innovation technologique. En parall\u00e8le, une nouvelle salle de s\u00e9minaire viendra compl\u00e9ter cette dynamique, en synergie avec l\u2019h\u00f4tel Hilton, pour en faire un hub affaires. Port\u00e9 par son succ\u00e8s, l\u2019\u00e9tablissement 4* devrait \u00e9galement lancer un projet d\u2019agrandissement avec 17 chambres suppl\u00e9mentaires portant sa capacit\u00e9 totale \u00e0 122 chambres, pour mieux r\u00e9pondre \u00e0 la demande. What next\u00a0?<\/p>\n","protected":false},"excerpt":{"rendered":"Il y a un an, Iconic ouvrait ses portes au c\u0153ur de la capitale azur\u00e9enne, afin de proposer&hellip;\n","protected":false},"author":2,"featured_media":261083,"comment_status":"","ping_status":"","sticky":false,"template":"","format":"standard","meta":{"footnotes":""},"categories":[2819],"tags":[1111,47,11,1777,674,1011,27,1110,1031,12,2401,882,25],"class_list":{"0":"post-261082","1":"post","2":"type-post","3":"status-publish","4":"format-standard","5":"has-post-thumbnail","7":"category-nice","8":"tag-actu","9":"tag-actualite","10":"tag-actualites","11":"tag-eu","12":"tag-europe","13":"tag-fr","14":"tag-france","15":"tag-informations","16":"tag-magazine","17":"tag-news","18":"tag-nice","19":"tag-provence-alpes-cote-dazur","20":"tag-republique-francaise"},"share_on_mastodon":{"url":"https:\/\/pubeurope.com\/@fr\/114885628000902982","error":""},"_links":{"self":[{"href":"https:\/\/www.europesays.com\/fr\/wp-json\/wp\/v2\/posts\/261082","targetHints":{"allow":["GET"]}}],"collection":[{"href":"https:\/\/www.europesays.com\/fr\/wp-json\/wp\/v2\/posts"}],"about":[{"href":"https:\/\/www.europesays.com\/fr\/wp-json\/wp\/v2\/types\/post"}],"author":[{"embeddable":true,"href":"https:\/\/www.europesays.com\/fr\/wp-json\/wp\/v2\/users\/2"}],"replies":[{"embeddable":true,"href":"https:\/\/www.europesays.com\/fr\/wp-json\/wp\/v2\/comments?post=261082"}],"version-history":[{"count":0,"href":"https:\/\/www.europesays.com\/fr\/wp-json\/wp\/v2\/posts\/261082\/revisions"}],"wp:featuredmedia":[{"embeddable":true,"href":"https:\/\/www.europesays.com\/fr\/wp-json\/wp\/v2\/media\/261083"}],"wp:attachment":[{"href":"https:\/\/www.europesays.com\/fr\/wp-json\/wp\/v2\/media?parent=261082"}],"wp:term":[{"taxonomy":"category","embeddable":true,"href":"https:\/\/www.europesays.com\/fr\/wp-json\/wp\/v2\/categories?post=261082"},{"taxonomy":"post_tag","embeddable":true,"href":"https:\/\/www.europesays.com\/fr\/wp-json\/wp\/v2\/tags?post=261082"}],"curies":[{"name":"wp","href":"https:\/\/api.w.org\/{rel}","templated":true}]}}