{"id":26109,"date":"2025-04-15T07:29:13","date_gmt":"2025-04-15T07:29:13","guid":{"rendered":"https:\/\/www.europesays.com\/fr\/26109\/"},"modified":"2025-04-15T07:29:13","modified_gmt":"2025-04-15T07:29:13","slug":"paris-calibre-sa-riposte-apres-lexpulsion-de-douze-fonctionnaires-francais","status":"publish","type":"post","link":"https:\/\/www.europesays.com\/fr\/26109\/","title":{"rendered":"Paris calibre sa riposte apr\u00e8s l\u2019expulsion de douze fonctionnaires fran\u00e7ais"},"content":{"rendered":"<p>Le coup d\u2019\u00e9clat alg\u00e9rien menace de r\u00e9duire \u00e0 n\u00e9ant les efforts d\u00e9ploy\u00e9s pour tenter de renouer un dialogue constructif entre les deux capitales.<\/p>\n<p class=\"fig-paragraph\">\u00ab\u00a0Un champ de ruines. Voil\u00e0 ce qu\u2019il reste de tout ce que nous avions reconstruit ces trois derniers mois.\u00a0\u00bb Dans la voix de notre interlocuteur fran\u00e7ais, ce lundi matin, on sent de l\u2019abattement, de la d\u00e9ception et un peu de col\u00e8re. Mais surtout, beaucoup de r\u00e9signation.<\/p>\n<p class=\"fig-paragraph\">La veille au soir, le gouvernement alg\u00e9rien a somm\u00e9 douze fonctionnaires fran\u00e7ais d\u00e9pendant du minist\u00e8re de l\u2019Int\u00e9rieur de quitter le territoire sous quarante-huit heures. Cette annonce spectaculaire est pr\u00e9sent\u00e9e comme une r\u00e9ponse \u00e0 la mise en examen, vendredi 11 avril \u00e0 Paris, de<a href=\"http:\/\/www.lefigaro.fr\/international\/un-agent-consulaire-algerien-detenu-en-france-paris-rappelle-l-independance-de-la-justice-20250413\" data-fig-type=\"NewsFlash\" data-gtm-custom-categorie=\"navigation\" data-gtm-custom-action=\"crossclick\" data-gtm-custom-label=\"Contextuel\" data-gtm-event=\"customEventSPE\" data-fig-domain=\"LEFIGARO\" target=\"_blank\" rel=\"noopener\">\u00a0trois ressortissants alg\u00e9riens dont un agent consulaire<\/a>. Ils sont notamment soup\u00e7onn\u00e9s d\u2019avoir pris \u00e0 part \u00e0 l\u2019enl\u00e8vement et \u00e0 la s\u00e9questration d\u2019<a href=\"http:\/\/www.lefigaro.fr\/actualite-france\/l-affaire-de-l-opposant-algerien-amir-dz-menace-la-fragile-reconciliation-entre-alger-et-paris-20250413\" data-fig-type=\"Article\" data-gtm-custom-categorie=\"navigation\" data-gtm-custom-action=\"crossclick\" data-gtm-custom-label=\"Contextuel\" data-gtm-event=\"customEventSPE\" data-fig-domain=\"LEFIGARO\" target=\"_blank\" rel=\"noopener\">un influenceur alg\u00e9rien hostile au pouvoir, Amir DZ<\/a>, qui avait trouv\u00e9 refuge en France.\u00a0Cet acc\u00e8s de tension entre les deux pays menace de r\u00e9duire \u00e0 n\u00e9ant les efforts d\u00e9ploy\u00e9s, ces derni\u00e8res semaines, pour tenter de renouer un dialogue constructif.<\/p>\n<p class=\"fig-premium-paywall__infos\">\n        Cet article est r\u00e9serv\u00e9 aux abonn\u00e9s.        Il vous reste 86% \u00e0 d\u00e9couvrir.\n    <\/p>\n<p>                <img  data- alt=\"Le Figaro\" class=\"fig-img--complete fig-img\"\/><\/p>\n<p class=\"fig-premium-paywall__title\">Vous avez envie de lire la suite ?<\/p>\n<p class=\"fig-premium-paywall__subtitle\">D\u00e9bloquez tous les articles imm\u00e9diatement.<\/p>\n<p class=\"fig-premium-paywall__connect\">\n                D\u00e9j\u00e0 abonn\u00e9\u00a0?                <a class=\"fig-premium-paywall__connect-link\" href=\"https:\/\/connect.lefigaro.fr\/login?client=horizon_web&amp;type=main&amp;redirect_uri=https%3A%2F%2Fwww.lefigaro.fr%2Fpolitique%2Fcrise-avec-l-algerie-paris-calibre-sa-riposte-apres-l-expulsion-de-douze-fonctionnaires-francais-20250414\" data-js-gtm=\"{&quot;customCategorie&quot;: &quot;conversion&quot;, &quot;customAction&quot;: &quot;before_Landing_Connexion_paywall_manuel&quot;, &quot;customLabel&quot;: &quot;bGVmaWdhcm8uZnJfXzFmMDE5NGQ1LWM4MDYtNjNjNi05NzQ0LWI5NjczZjBjNGRlMF9fQXJ0aWNsZQ==_Crise avec l\u2019Alg\u00e9rie: Paris calibre sa riposte apr\u00e8s l\u2019expulsion de douze fonctionnaires fran\u00e7ais_1373&quot;, &quot;customIDSPE&quot;: &quot;bGVmaWdhcm8uZnJfXzFmMDE5NGQ1LWM4MDYtNjNjNi05NzQ0LWI5NjczZjBjNGRlMF9fQXJ0aWNsZQ==&quot;, &quot;event&quot;: &quot;customEventSPE&quot;}\" target=\"_blank\" rel=\"noopener\"><br \/>\n                    Connectez-vous<br \/>\n                <\/a>\n            <\/p>\n","protected":false},"excerpt":{"rendered":"Le coup d\u2019\u00e9clat alg\u00e9rien menace de r\u00e9duire \u00e0 n\u00e9ant les efforts d\u00e9ploy\u00e9s pour tenter de renouer un dialogue&hellip;\n","protected":false},"author":2,"featured_media":26110,"comment_status":"","ping_status":"","sticky":false,"template":"","format":"standard","meta":{"footnotes":""},"categories":[1888],"tags":[1111,1928,11,1927,15,426,427,422,423,1777,674,1011,27,418,424,425,420,421,12,1926,419,626,1925,316,429,25,428],"class_list":{"0":"post-26109","1":"post","2":"type-post","3":"status-publish","4":"format-standard","5":"has-post-thumbnail","7":"category-paris","8":"tag-actu","9":"tag-actu-paris","10":"tag-actualites","11":"tag-actualites-paris","12":"tag-algerie","13":"tag-candidat","14":"tag-candidats","15":"tag-depute","16":"tag-deputes","17":"tag-eu","18":"tag-europe","19":"tag-fr","20":"tag-france","21":"tag-gouvernement","22":"tag-institution","23":"tag-institutions","24":"tag-loi","25":"tag-lois","26":"tag-news","27":"tag-news-paris","28":"tag-opposition","29":"tag-paris","30":"tag-paris-news","31":"tag-politique","32":"tag-ps","33":"tag-republique-francaise","34":"tag-ump"},"share_on_mastodon":{"url":"https:\/\/pubeurope.com\/@fr\/114340807595304356","error":""},"_links":{"self":[{"href":"https:\/\/www.europesays.com\/fr\/wp-json\/wp\/v2\/posts\/26109","targetHints":{"allow":["GET"]}}],"collection":[{"href":"https:\/\/www.europesays.com\/fr\/wp-json\/wp\/v2\/posts"}],"about":[{"href":"https:\/\/www.europesays.com\/fr\/wp-json\/wp\/v2\/types\/post"}],"author":[{"embeddable":true,"href":"https:\/\/www.europesays.com\/fr\/wp-json\/wp\/v2\/users\/2"}],"replies":[{"embeddable":true,"href":"https:\/\/www.europesays.com\/fr\/wp-json\/wp\/v2\/comments?post=26109"}],"version-history":[{"count":0,"href":"https:\/\/www.europesays.com\/fr\/wp-json\/wp\/v2\/posts\/26109\/revisions"}],"wp:featuredmedia":[{"embeddable":true,"href":"https:\/\/www.europesays.com\/fr\/wp-json\/wp\/v2\/media\/26110"}],"wp:attachment":[{"href":"https:\/\/www.europesays.com\/fr\/wp-json\/wp\/v2\/media?parent=26109"}],"wp:term":[{"taxonomy":"category","embeddable":true,"href":"https:\/\/www.europesays.com\/fr\/wp-json\/wp\/v2\/categories?post=26109"},{"taxonomy":"post_tag","embeddable":true,"href":"https:\/\/www.europesays.com\/fr\/wp-json\/wp\/v2\/tags?post=26109"}],"curies":[{"name":"wp","href":"https:\/\/api.w.org\/{rel}","templated":true}]}}