{"id":261090,"date":"2025-07-20T12:49:11","date_gmt":"2025-07-20T12:49:11","guid":{"rendered":"https:\/\/www.europesays.com\/fr\/261090\/"},"modified":"2025-07-20T12:49:11","modified_gmt":"2025-07-20T12:49:11","slug":"qui-pour-reprendre-les-renes-du-restaurant-du-madd-a-bordeaux","status":"publish","type":"post","link":"https:\/\/www.europesays.com\/fr\/261090\/","title":{"rendered":"qui pour reprendre les r\u00eanes du restaurant du Madd \u00e0 Bordeaux\u00a0?"},"content":{"rendered":"<p>            Par<br \/>\n        <strong><br \/>\n            <a href=\"https:\/\/actu.fr\/auteur\/charlotte-lesprit\" title=\"Consulter tous les articles de Charlotte Lesprit\" rel=\"nofollow noopener\" target=\"_blank\">Charlotte Lesprit<\/a><br \/>\n        <\/strong><\/p>\n<p>        Publi\u00e9 le<\/p>\n<p>            20 juil. 2025 \u00e0 14h32        <\/p>\n<p>Plus que quelques semaines pour candidater, et seulement <strong>quelques jours pour s\u2019inscrire<\/strong> \u00e0 la visite obligatoire des lieux. Ferm\u00e9 au public<a href=\"https:\/\/actu.fr\/nouvelle-aquitaine\/bordeaux_33063\/le-madd-bordeaux-ferme-temporairement-pour-se-refaire-une-beaute_55933177.html\" rel=\"nofollow noopener\" target=\"_blank\"> depuis janvier\u00a02023 pour faire peau neuve<\/a>, le Mus\u00e9e des Arts d\u00e9coratifs et du Design \u2014 commun\u00e9ment appel\u00e9 Madd par les Bordelais et nich\u00e9 dans l\u2019h\u00f4tel de Lalande \u2014 lance un appel \u00e0 manifestation d\u2019int\u00e9r\u00eat pour <strong>l\u2019occupation privative de son restaurant<\/strong>. Autrement dit\u2009: il recherche<a href=\"https:\/\/www.bordeaux.fr\/candidatez-pour-lexploitation-du-futur-restaurant-du-musee-des-arts-decoratifs-et-du-design-madd\" rel=\"nofollow noopener\" target=\"_blank\"> un candidat pour l\u2019exploitation de ce futur lieu du centre-ville<\/a>.<\/p>\n<p class=\" wall-content\"><a href=\"https:\/\/www.instagram.com\/p\/CmOcDHvqcsW\/embed\" title=\"Ouvrir le lien sur Instagram\" rel=\"nofollow noopener\" target=\"_blank\">Visualiser le contenu sur Instagram<\/a><\/p>\n<p class=\" wall-content\">En ce 18\u00a0juillet, impossible de p\u00e9n\u00e9trer dans son antre sans un casque de chantier. Au num\u00e9ro\u00a039 de la rue Bouffard, la grande porte donne sur la cour d\u2019Honneur, \u00e0 gauche, dans l\u2019ancienne aile des communs qui longe la rue Boulan\u2009: <strong>une nouvelle petite cour,<\/strong> celle des \u00e9curies. Les ouvriers s\u2019activent mais il est tr\u00e8s facile, au milieu des grands volumes, d\u2019imaginer le rendu final entre <strong>pierres de taille<\/strong>, baies vitr\u00e9es monumentales et interventions plus contemporaines.<\/p>\n<p>    <img   decoding=\"async\" loading=\"lazy\" src=\"https:\/\/www.europesays.com\/fr\/wp-content\/uploads\/2025\/07\/chantier-madd-960x640.jpeg\" alt=\"La nouvelle cour du Madd vue par la cour d'Honneur. A gauche de la vo\u00fbte, se trouvera le restaurant et l'accueil du mus\u00e9e \u00e0 droite. \" width=\"960\" height=\"640\"\/><br \/>\n    La nouvelle cour du Madd vue depuis la cour d\u2019Honneur. \u00c0 gauche de la vo\u00fbte, se trouvera le restaurant et l\u2019accueil du mus\u00e9e sera \u00e0 droite. (\u00a9Actu.fr \/ Charlotte Lesprit)Un int\u00e9rieur pens\u00e9 par un designer fran\u00e7ais<\/p>\n<p class=\" wall-content\">Le restaurant b\u00e9n\u00e9ficiera d\u2019une capacit\u00e9 de<strong> 35 couverts en int\u00e9rieur<\/strong> dans une salle de 49\u00a0m2 avec la possibilit\u00e9 d\u2019implanter une terrasse. Si le futur exploitant reste autonome pour la partie cuisine, l\u2019ensemble du mobilier de la salle est imagin\u00e9 par le designer fran\u00e7ais <strong>Jean-Baptiste Fastrez<\/strong>. Autre petit plus\u2009: ce caf\u00e9-restaurant reste compl\u00e8tement ind\u00e9pendant des heures et jours d\u2019ouverture du mus\u00e9e tout en profitant du charme de cet h\u00f4tel particulier de la fin du XVIIIe\u00a0si\u00e8cle.<\/p>\n<p class=\" wall-content\">Outre la<strong> visite obligatoire du 24\u00a0juillet<\/strong> pour les personnes int\u00e9ress\u00e9es par le projet, la date limite pour les questions est fix\u00e9e au 28\u00a0juillet et les dossiers de candidatures devront \u00eatre re\u00e7us avant le 8\u00a0septembre midi.<\/p>\n<p>Vid\u00e9os : en ce moment sur Actu<br \/>\n    <img   decoding=\"async\" loading=\"lazy\" src=\"https:\/\/www.europesays.com\/fr\/wp-content\/uploads\/2025\/07\/capture-decran-2025-07-18-161227-960x640.png\" alt=\"Image de synth\u00e8se montrant la nouvelle cour. \" width=\"960\" height=\"640\"\/><br \/>\n    Image de synth\u00e8se montrant la nouvelle cour. (\u00a9Antoine Dufour Architectes)<\/p>\n<p class=\" wall-content\">Une autorisation d\u2019occupation d\u2019un espace public de la Ville de Bordeaux sera accord\u00e9e pour <strong>une dur\u00e9e de sept ans<\/strong> afin de permettre une activit\u00e9 commerciale, dans le respect des r\u00e8gles encadrant l\u2019utilisation du domaine public. En contrepartie, l\u2019op\u00e9rateur devra verser chaque ann\u00e9e une redevance correspondant au minimum \u00e0 <strong>7,5\u2009% de son chiffre d\u2019affaires hors taxes<\/strong>.<\/p>\n<p>Les candidats devront confirmer leur venue \u00e0 la Ville au plus tard le 23\u00a0juillet avant midi en adressant un mail \u00e0 Ga\u00ebllane Bompart et \u00e0 Christine Brillac (<a href=\"https:\/\/actu.fr\/cdn-cgi\/l\/email-protection\" class=\"__cf_email__\" data-cfemail=\"6c0b0d420e03011c0d1e182c010d051e0509410e031e08090d1914420a1e\" rel=\"nofollow noopener\" target=\"_blank\">[email\u00a0protected]<\/a>\u2009; <a href=\"https:\/\/actu.fr\/cdn-cgi\/l\/email-protection\" class=\"__cf_email__\" data-cfemail=\"d5b6fbb7baa0b7bcb9b495b8b4bca7bcb0f8b7baa7b1b0b4a0adfbb3a7\" rel=\"nofollow noopener\" target=\"_blank\">[email\u00a0protected]<\/a>) et se pr\u00e9senter le jour de la visite directement au Madd.<\/p>\n<p class=\" wall-content\">Suivez toute l\u2019actualit\u00e9 de vos villes et m\u00e9dias favoris en vous inscrivant \u00e0 <a href=\"https:\/\/moncompte.actu.fr\" title=\"D\u00e9couvez Mon Actu\" rel=\"nofollow noopener\" data-trk=\"{&quot;cta&quot;:{&quot;action&quot;:&quot;https:\\\/\\\/moncompte.actu.fr&quot;,&quot;category&quot;:&quot;mon compte&quot;,&quot;from&quot;:&quot;article footer&quot;,&quot;name&quot;:&quot;Mon actu&quot;,&quot;type&quot;:&quot;cta&quot;}}\" target=\"_blank\">Mon Actu<\/a>.<\/p>\n<p>                    <script async src=\"\/\/www.instagram.com\/embed.js\"><\/script><\/p>\n","protected":false},"excerpt":{"rendered":"Par Charlotte Lesprit Publi\u00e9 le 20 juil. 2025 \u00e0 14h32 Plus que quelques semaines pour candidater, et seulement&hellip;\n","protected":false},"author":2,"featured_media":261091,"comment_status":"","ping_status":"","sticky":false,"template":"","format":"standard","meta":{"footnotes":""},"categories":[2817],"tags":[1111,11,1997,215,902,1777,674,1011,27,12,2219,25,1340,104],"class_list":{"0":"post-261090","1":"post","2":"type-post","3":"status-publish","4":"format-standard","5":"has-post-thumbnail","7":"category-bordeaux","8":"tag-actu","9":"tag-actualites","10":"tag-bordeaux","11":"tag-commerce","12":"tag-cuisine","13":"tag-eu","14":"tag-europe","15":"tag-fr","16":"tag-france","17":"tag-news","18":"tag-nouvelle-aquitaine","19":"tag-republique-francaise","20":"tag-restaurant","21":"tag-societe"},"share_on_mastodon":{"url":"https:\/\/pubeurope.com\/@fr\/114885647738082083","error":""},"_links":{"self":[{"href":"https:\/\/www.europesays.com\/fr\/wp-json\/wp\/v2\/posts\/261090","targetHints":{"allow":["GET"]}}],"collection":[{"href":"https:\/\/www.europesays.com\/fr\/wp-json\/wp\/v2\/posts"}],"about":[{"href":"https:\/\/www.europesays.com\/fr\/wp-json\/wp\/v2\/types\/post"}],"author":[{"embeddable":true,"href":"https:\/\/www.europesays.com\/fr\/wp-json\/wp\/v2\/users\/2"}],"replies":[{"embeddable":true,"href":"https:\/\/www.europesays.com\/fr\/wp-json\/wp\/v2\/comments?post=261090"}],"version-history":[{"count":0,"href":"https:\/\/www.europesays.com\/fr\/wp-json\/wp\/v2\/posts\/261090\/revisions"}],"wp:featuredmedia":[{"embeddable":true,"href":"https:\/\/www.europesays.com\/fr\/wp-json\/wp\/v2\/media\/261091"}],"wp:attachment":[{"href":"https:\/\/www.europesays.com\/fr\/wp-json\/wp\/v2\/media?parent=261090"}],"wp:term":[{"taxonomy":"category","embeddable":true,"href":"https:\/\/www.europesays.com\/fr\/wp-json\/wp\/v2\/categories?post=261090"},{"taxonomy":"post_tag","embeddable":true,"href":"https:\/\/www.europesays.com\/fr\/wp-json\/wp\/v2\/tags?post=261090"}],"curies":[{"name":"wp","href":"https:\/\/api.w.org\/{rel}","templated":true}]}}