{"id":261098,"date":"2025-07-20T12:54:13","date_gmt":"2025-07-20T12:54:13","guid":{"rendered":"https:\/\/www.europesays.com\/fr\/261098\/"},"modified":"2025-07-20T12:54:13","modified_gmt":"2025-07-20T12:54:13","slug":"demolition-la-plus-grande-tour-de-lille-dynamitee-journal-de-13-heures","status":"publish","type":"post","link":"https:\/\/www.europesays.com\/fr\/261098\/","title":{"rendered":"D\u00e9molition : la plus grande tour de Lille dynamit\u00e9e &#8211; Journal de 13 heures"},"content":{"rendered":"<p id=\"descriptionPanel\" class=\"text-secondary mr-2 line-clamp-2 pr-2.5 overflow-visible\">Une tour de la ville de Loos (Nord), l&rsquo;une des plus embl\u00e9matiques de la m\u00e9tropole de Lille, a \u00e9t\u00e9 dynamit\u00e9e ce dimanche matin. Immense \u00e9motion chez ceux pour qui c&rsquo;\u00e9tait un rep\u00e8re : &lsquo;c&rsquo;est triste&rsquo; ; &lsquo;c&rsquo;est \u00e9mouvant, c&rsquo;est un symbole de la ville de Loos&rsquo;. L&rsquo;op\u00e9ration a \u00e9t\u00e9 longuement pr\u00e9par\u00e9e en amont. Le d\u00e9part des r\u00e9sidents de la tour a \u00e9t\u00e9 organis\u00e9 il y a quelques mois d\u00e9j\u00e0, et une tonne d&rsquo;explosifs a \u00e9t\u00e9 install\u00e9e \u00e0 diff\u00e9rents endroits du b\u00e2timent.<\/p>\n<p>TF1 | Reportage F. DEPAQUIT, M. DEBUT, T. JOIRE<\/p>\n<p>Afficher la version longue du r\u00e9sum\u00e9<a class=\"shrink-0\" href=\"https:\/\/www.tf1.fr\/tf1\/jt-13h\" target=\"_blank\" rel=\"noopener\"><img decoding=\"async\" src=\"https:\/\/www.europesays.com\/fr\/wp-content\/uploads\/2025\/07\/program-card-portrait-1_jt13h_lacarrauandithurburu-af36c9-1a992f-0@1x.jpg\" width=\"138\" height=\"184\" alt=\"\" loading=\"eager\" fetchpriority=\"auto\" class=\"rounded-3px aspect-[3\/4] h-24 w-auto\" aria-hidden=\"true\"\/><\/a><\/p>\n","protected":false},"excerpt":{"rendered":"Une tour de la ville de Loos (Nord), l&rsquo;une des plus embl\u00e9matiques de la m\u00e9tropole de Lille, a&hellip;\n","protected":false},"author":2,"featured_media":261099,"comment_status":"","ping_status":"","sticky":false,"template":"","format":"standard","meta":{"footnotes":""},"categories":[2815],"tags":[1111,11,1777,674,3483,3484,1011,27,811,3486,3485,1307,12,25,3488,3489,3487],"class_list":{"0":"post-261098","1":"post","2":"type-post","3":"status-publish","4":"format-standard","5":"has-post-thumbnail","7":"category-lille","8":"tag-actu","9":"tag-actualites","10":"tag-eu","11":"tag-europe","12":"tag-extrait","13":"tag-extrait-journal-de-13-heures","14":"tag-fr","15":"tag-france","16":"tag-hauts-de-france","17":"tag-journal-de-13-heures","18":"tag-journal-de-13-heures-extrait","19":"tag-lille","20":"tag-news","21":"tag-republique-francaise","22":"tag-streaming-journal-de-13-heures","23":"tag-video-en-streaming-journal-de-13-heures","24":"tag-video-journal-de-13-heures"},"share_on_mastodon":{"url":"https:\/\/pubeurope.com\/@fr\/114885667522601391","error":""},"_links":{"self":[{"href":"https:\/\/www.europesays.com\/fr\/wp-json\/wp\/v2\/posts\/261098","targetHints":{"allow":["GET"]}}],"collection":[{"href":"https:\/\/www.europesays.com\/fr\/wp-json\/wp\/v2\/posts"}],"about":[{"href":"https:\/\/www.europesays.com\/fr\/wp-json\/wp\/v2\/types\/post"}],"author":[{"embeddable":true,"href":"https:\/\/www.europesays.com\/fr\/wp-json\/wp\/v2\/users\/2"}],"replies":[{"embeddable":true,"href":"https:\/\/www.europesays.com\/fr\/wp-json\/wp\/v2\/comments?post=261098"}],"version-history":[{"count":0,"href":"https:\/\/www.europesays.com\/fr\/wp-json\/wp\/v2\/posts\/261098\/revisions"}],"wp:featuredmedia":[{"embeddable":true,"href":"https:\/\/www.europesays.com\/fr\/wp-json\/wp\/v2\/media\/261099"}],"wp:attachment":[{"href":"https:\/\/www.europesays.com\/fr\/wp-json\/wp\/v2\/media?parent=261098"}],"wp:term":[{"taxonomy":"category","embeddable":true,"href":"https:\/\/www.europesays.com\/fr\/wp-json\/wp\/v2\/categories?post=261098"},{"taxonomy":"post_tag","embeddable":true,"href":"https:\/\/www.europesays.com\/fr\/wp-json\/wp\/v2\/tags?post=261098"}],"curies":[{"name":"wp","href":"https:\/\/api.w.org\/{rel}","templated":true}]}}