{"id":261100,"date":"2025-07-20T12:55:10","date_gmt":"2025-07-20T12:55:10","guid":{"rendered":"https:\/\/www.europesays.com\/fr\/261100\/"},"modified":"2025-07-20T12:55:10","modified_gmt":"2025-07-20T12:55:10","slug":"le-medecin-imaginaire-consultait-les-vrais-malades-dun-centre-de-sante","status":"publish","type":"post","link":"https:\/\/www.europesays.com\/fr\/261100\/","title":{"rendered":"Le m\u00e9decin imaginaire consultait les vrais malades d\u2019un centre de sant\u00e9"},"content":{"rendered":"<p>D\u2019aussi longtemps qu\u2019il se souvienne, <a href=\"https:\/\/www.laprovence.com\/article\/faits-divers-justice\/5648400167501414\/marseille-le-medecin-au-diplome-falsifie-s-etait-fait-embaucher-dans-un-centre-de-sante\" target=\"_blank\" rel=\"noopener\">Bruno Pinori r\u00eavait d\u2019\u00eatre m\u00e9decin<\/a>. Alors, il l\u2019est devenu. Mais plut\u00f4t que de passer par d\u2019interminables et fastidieuses \u00e9tudes de m\u00e9decine, tardives, \u00e0 54\u00a0ans, il a pris un raccourci. La voie express\u00a0: m\u00e9ticuleusement, Bruno a fabriqu\u00e9 <strong>un faux dipl\u00f4me en copiant celui de son cousin Yves<\/strong>, puis il a r\u00e9dig\u00e9 une recommandation sur son \u00ab\u00a0aptitude \u00e0 exercer une fonction hospitali\u00e8re\u00a0\u00bb sign\u00e9e d\u2019une g\u00e9n\u00e9raliste en activit\u00e9, Charlotte R. Le tour \u00e9tait jou\u00e9\u00a0: ch\u00f4meur la veille, Bruno P. \u00e9tait devenu le tr\u00e8s estimable Docteur Bruno Pinori, le lendemain.<\/p>\n","protected":false},"excerpt":{"rendered":"D\u2019aussi longtemps qu\u2019il se souvienne, Bruno Pinori r\u00eavait d\u2019\u00eatre m\u00e9decin. Alors, il l\u2019est devenu. Mais plut\u00f4t que de&hellip;\n","protected":false},"author":2,"featured_media":261101,"comment_status":"","ping_status":"","sticky":false,"template":"","format":"standard","meta":{"footnotes":""},"categories":[2814],"tags":[17,1111,11,40093,2837,1777,674,274,1011,27,31082,151,14643,884,6339,12,882,25,40094],"class_list":{"0":"post-261100","1":"post","2":"type-post","3":"status-publish","4":"format-standard","5":"has-post-thumbnail","7":"category-marseille","8":"tag-17","9":"tag-actu","10":"tag-actualites","11":"tag-consultait","12":"tag-dun","13":"tag-eu","14":"tag-europe","15":"tag-faits-divers-justice","16":"tag-fr","17":"tag-france","18":"tag-imaginaire","19":"tag-les","20":"tag-malades","21":"tag-marseille","22":"tag-medecin","23":"tag-news","24":"tag-provence-alpes-cote-dazur","25":"tag-republique-francaise","26":"tag-vrais"},"share_on_mastodon":{"url":"https:\/\/pubeurope.com\/@fr\/114885671193094160","error":""},"_links":{"self":[{"href":"https:\/\/www.europesays.com\/fr\/wp-json\/wp\/v2\/posts\/261100","targetHints":{"allow":["GET"]}}],"collection":[{"href":"https:\/\/www.europesays.com\/fr\/wp-json\/wp\/v2\/posts"}],"about":[{"href":"https:\/\/www.europesays.com\/fr\/wp-json\/wp\/v2\/types\/post"}],"author":[{"embeddable":true,"href":"https:\/\/www.europesays.com\/fr\/wp-json\/wp\/v2\/users\/2"}],"replies":[{"embeddable":true,"href":"https:\/\/www.europesays.com\/fr\/wp-json\/wp\/v2\/comments?post=261100"}],"version-history":[{"count":0,"href":"https:\/\/www.europesays.com\/fr\/wp-json\/wp\/v2\/posts\/261100\/revisions"}],"wp:featuredmedia":[{"embeddable":true,"href":"https:\/\/www.europesays.com\/fr\/wp-json\/wp\/v2\/media\/261101"}],"wp:attachment":[{"href":"https:\/\/www.europesays.com\/fr\/wp-json\/wp\/v2\/media?parent=261100"}],"wp:term":[{"taxonomy":"category","embeddable":true,"href":"https:\/\/www.europesays.com\/fr\/wp-json\/wp\/v2\/categories?post=261100"},{"taxonomy":"post_tag","embeddable":true,"href":"https:\/\/www.europesays.com\/fr\/wp-json\/wp\/v2\/tags?post=261100"}],"curies":[{"name":"wp","href":"https:\/\/api.w.org\/{rel}","templated":true}]}}