{"id":261103,"date":"2025-07-20T12:57:10","date_gmt":"2025-07-20T12:57:10","guid":{"rendered":"https:\/\/www.europesays.com\/fr\/261103\/"},"modified":"2025-07-20T12:57:10","modified_gmt":"2025-07-20T12:57:10","slug":"loeuvre-dart-place-bellecour-a-lyon-a-ete-vandalisee-son-acces-restreint","status":"publish","type":"post","link":"https:\/\/www.europesays.com\/fr\/261103\/","title":{"rendered":"l&rsquo;oeuvre d&rsquo;art place Bellecour \u00e0 Lyon a \u00e9t\u00e9 vandalis\u00e9e, son acc\u00e8s restreint"},"content":{"rendered":"<p itemprop=\"description\"><strong>Stupeur ce samedi \u00e0 Lyon.<\/strong><\/p>\n<p>L&rsquo;oeuvre d&rsquo;art place Bellecour a \u00e9t\u00e9 boud\u00e9e en raison des pluies torrentielles qui se sont abattues sur la capitale des Gaules. Mais aussi parce que l&rsquo;acc\u00e8s \u00e0 Tissage Urbain a \u00e9t\u00e9 restreint par du rubalise et la pr\u00e9sence de policiers municipaux.<\/p>\n<p>Et pour cause, certaines poutres qui soutiennent l&rsquo;ombri\u00e8re ont \u00e9t\u00e9 vandalis\u00e9es : des boulons ont \u00e9t\u00e9 retir\u00e9s par endroits, ce qui fragilisait potentiellement la structure.<\/p>\n<p><img loading=\"lazy\" decoding=\"async\" style=\"display: block; margin-left: auto; margin-right: auto;\" src=\"https:\/\/www.europesays.com\/fr\/wp-content\/uploads\/2025\/07\/capture-d-e-cran-2025-07-20-a-09-48-51-27338.png\" alt=\"\" width=\"600\" height=\"379\"\/><\/p>\n<p>Sur les r\u00e9seaux sociaux, le maire LR du 2e arrondissement de Lyon <a href=\"https:\/\/www.lyonmag.com\/profil-personnalite-lyonnaise\/512\/pierre-oliver\" target=\"_blank\" rel=\"noopener\">Pierre Oliver<\/a> s&rsquo;est d\u00e9sol\u00e9 de cet \u00e9pisode qu&rsquo;il qualifie de \u00ab\u00a0summum du ridicule\u00a0\u00bb. \u00ab\u00a0Apr\u00e8s la d\u00e9gradation de l\u2019\u00e9tendoir \u00e0 1,6M\u20ac, un p\u00e9rim\u00e8tre de s\u00e9curit\u00e9 a \u00e9t\u00e9 install\u00e9\u2026 R\u00e9sultat : ce samedi apr\u00e8s-midi, nos forces de l\u2019ordre sont mobilis\u00e9es pour prot\u00e9ger &lsquo;l\u2019\u0153uvre&rsquo; plut\u00f4t que nos rues\u00a0\u00bb, commente le patron de la droite lyonnaise.<\/p>\n<p>Une sortie qui lui a valu les critiques de la majorit\u00e9 \u00e9cologiste, par le biais de son rival du 2e, l&rsquo;adjoint au maire <a href=\"https:\/\/www.lyonmag.com\/profil-personnalite-lyonnaise\/560\/valentin-lungenstrass\" target=\"_blank\" rel=\"noopener\">Valentin Lungenstrass<\/a> : \u00ab\u00a0Se r\u00e9jouir de vandalisme, quoi que vous pensez de l&rsquo;\u0153uvre, c&rsquo;est indigne. On a tristement l&rsquo;habitude&#8230;\u00a0\u00bb<\/p>\n<blockquote class=\"twitter-tweet\"><p>&#13;<\/p>\n<p dir=\"ltr\" lang=\"fr\">Le summum du ridicule a \u00e9t\u00e9 atteint aujourd\u2019hui place Bellecour.<\/p>\n<p>Apr\u00e8s la d\u00e9gradation de l\u2019\u00e9tendoir \u00e0 1,6M\u20ac, un p\u00e9rim\u00e8tre de s\u00e9curit\u00e9 a \u00e9t\u00e9 install\u00e9\u2026<\/p>\n<p>R\u00e9sultat : ce samedi apr\u00e8s-midi, nos forces de l\u2019ordre sont mobilis\u00e9es pour prot\u00e9ger \u00ab l\u2019\u0153uvre \u00bb plut\u00f4t que nos rues. <a href=\"https:\/\/t.co\/5C7m5Iqt7F\">pic.twitter.com\/5C7m5Iqt7F<\/a><\/p>\n<p>&#13;<br \/>\n\u2014 Pierre OLIVER (@poliver69) <a href=\"https:\/\/twitter.com\/poliver69\/status\/1946602929235865853?ref_src=twsrc%5Etfw\" target=\"_blank\" rel=\"noopener\">July 19, 2025<\/a><\/p><\/blockquote>\n<p>\t\t  <script async src=\"https:\/\/platform.twitter.com\/widgets.js\" charset=\"utf-8\"><\/script><\/p>\n","protected":false},"excerpt":{"rendered":"Stupeur ce samedi \u00e0 Lyon. L&rsquo;oeuvre d&rsquo;art place Bellecour a \u00e9t\u00e9 boud\u00e9e en raison des pluies torrentielles qui&hellip;\n","protected":false},"author":2,"featured_media":261104,"comment_status":"","ping_status":"","sticky":false,"template":"","format":"standard","meta":{"footnotes":""},"categories":[1889],"tags":[1111,11,2813,2190,2430,1109,251,1112,2811,1777,674,118,1011,27,1922,1110,1114,2428,2810,12,241,316,25,2812,517,800],"class_list":{"0":"post-261103","1":"post","2":"type-post","3":"status-publish","4":"format-standard","5":"has-post-thumbnail","7":"category-lyon","8":"tag-actu","9":"tag-actualites","10":"tag-article","11":"tag-asvel","12":"tag-auvergne-rhone-alpes","13":"tag-breves","14":"tag-culture","15":"tag-depeches","16":"tag-economique","17":"tag-eu","18":"tag-europe","19":"tag-faits-divers","20":"tag-fr","21":"tag-france","22":"tag-info","23":"tag-informations","24":"tag-infos","25":"tag-lyon","26":"tag-lyonmag","27":"tag-news","28":"tag-ol","29":"tag-politique","30":"tag-republique-francaise","31":"tag-sociale","32":"tag-sport","33":"tag-transports"},"share_on_mastodon":{"url":"https:\/\/pubeurope.com\/@fr\/114885679265674129","error":""},"_links":{"self":[{"href":"https:\/\/www.europesays.com\/fr\/wp-json\/wp\/v2\/posts\/261103","targetHints":{"allow":["GET"]}}],"collection":[{"href":"https:\/\/www.europesays.com\/fr\/wp-json\/wp\/v2\/posts"}],"about":[{"href":"https:\/\/www.europesays.com\/fr\/wp-json\/wp\/v2\/types\/post"}],"author":[{"embeddable":true,"href":"https:\/\/www.europesays.com\/fr\/wp-json\/wp\/v2\/users\/2"}],"replies":[{"embeddable":true,"href":"https:\/\/www.europesays.com\/fr\/wp-json\/wp\/v2\/comments?post=261103"}],"version-history":[{"count":0,"href":"https:\/\/www.europesays.com\/fr\/wp-json\/wp\/v2\/posts\/261103\/revisions"}],"wp:featuredmedia":[{"embeddable":true,"href":"https:\/\/www.europesays.com\/fr\/wp-json\/wp\/v2\/media\/261104"}],"wp:attachment":[{"href":"https:\/\/www.europesays.com\/fr\/wp-json\/wp\/v2\/media?parent=261103"}],"wp:term":[{"taxonomy":"category","embeddable":true,"href":"https:\/\/www.europesays.com\/fr\/wp-json\/wp\/v2\/categories?post=261103"},{"taxonomy":"post_tag","embeddable":true,"href":"https:\/\/www.europesays.com\/fr\/wp-json\/wp\/v2\/tags?post=261103"}],"curies":[{"name":"wp","href":"https:\/\/api.w.org\/{rel}","templated":true}]}}