{"id":26111,"date":"2025-04-15T07:30:13","date_gmt":"2025-04-15T07:30:13","guid":{"rendered":"https:\/\/www.europesays.com\/fr\/26111\/"},"modified":"2025-04-15T07:30:13","modified_gmt":"2025-04-15T07:30:13","slug":"voici-les-capitales-europeennes-de-la-musique-en-2025-et-paris-est-sur-le-podium","status":"publish","type":"post","link":"https:\/\/www.europesays.com\/fr\/26111\/","title":{"rendered":"voici les capitales europ\u00e9ennes de la musique en 2025 (et Paris est sur le podium)"},"content":{"rendered":"<p class=\"\" data-start=\"216\" data-end=\"537\">Quelle est votre ville f\u00e9tiche pour un concert incandescent ou une nuit qui s\u2019\u00e9tire jusqu\u2019\u00e0 l\u2019aube ? Que vous soyez du genre \u00e0 chercher la transe au <a href=\"https:\/\/www.timeout.fr\/paris\/actualites\/le-physio-du-berghain-organise-une-expo-photo-et-une-teuf-de-30h-a-paris-022125\" target=\"_blank\" rel=\"noopener\">Berghain<\/a> ou \u00e0 compter f\u00e9brilement les jours avant le retour des <a href=\"https:\/\/www.timeout.fr\/paris\/musique\/festivals-musique-paris\" target=\"_blank\" rel=\"noopener\">festivals estivaux parisiens<\/a>, chaque m\u00e9tropole europ\u00e9enne d\u00e9fend son propre battement. Pour y voir plus clair, le site de r\u00e9servation <a href=\"https:\/\/www.omio.com\/c\/discover-europes-top-music-capitals\/\" target=\"_blank\" rel=\"noopener\">Omio<\/a> a pass\u00e9 au crible 50 villes \u00e0 travers le continent. Objectif : \u00e9tablir un classement des grandes capitales musicales de 2025. Nombre de festivals en plein air, densit\u00e9 de salles de concert, vitalit\u00e9 des clubs, prix moyens des billets : autant de crit\u00e8res qui ont permis d\u2019attribuer \u00e0 chaque ville une note sur 100, reflet d\u2019un \u00e9quilibre entre accessibilit\u00e9, richesse culturelle et intensit\u00e9 nocturne. Et, finalement, un palmar\u00e8s qui dessine une g\u00e9ographie sonore de l\u2019Europe contemporaine.<\/p>\n<p>Londres, un \u00e9cosyst\u00e8me musical tentaculaire\u2026 malgr\u00e9 quelques secousses<\/p>\n<p class=\"\" data-start=\"659\" data-end=\"936\">Malgr\u00e9 des tarifs \u00e9lev\u00e9s pour les billets de concerts et de com\u00e9dies musicales, la capitale britannique se hisse \u00e0 la premi\u00e8re place gr\u00e2ce \u00e0 son offre pl\u00e9thorique : 75 clubs, 26 salles de concert et 25 festivals r\u00e9pertori\u00e9s dans l\u2019\u00e9tude. R\u00e9sultat : un score parfait de 100\/100. M\u00eame la capitale en t\u00eate du classement n\u2019\u00e9chappe pas \u00e0 quelques couacs. Le maire de Londres, Sadiq Khan, a r\u00e9cemment annonc\u00e9 la cr\u00e9ation d\u2019une \u00ab task force de la vie nocturne \u00bb pour venir en aide aux salles de concert en difficult\u00e9. Malgr\u00e9 tout, la sc\u00e8ne musicale londonienne continue d\u2019offrir son lot de soir\u00e9es m\u00e9morables.<\/p>\n<p>Paris, deuxi\u00e8me au classement, continue de faire entendre sa voix<\/p>\n<p class=\"\" data-start=\"364\" data-end=\"624\">Avec un score de 89,4, la capitale fran\u00e7aise se hisse en deuxi\u00e8me position du classement, suivie de Budapest (77,5) en troisi\u00e8me. En quatri\u00e8me place, on retrouve Berlin, l\u2019\u00e9ternelle ic\u00f4ne des nuits \u00e9lectro, qui obtient une note globale de 75,1.<\/p>\n<p>Berlin, toujours reine du live et capitale officieuse des nuits \u00e9lectroniques<\/p>\n<p class=\"\" data-start=\"664\" data-end=\"1052\">M\u00eame si elle \u00e9chappe de peu au podium, la capitale allemande s\u2019illustre tout de m\u00eame dans d&rsquo;autres \u00e9tudes : elle a r\u00e9cemment \u00e9t\u00e9 \u00e9lue meilleure ville d\u2019Europe pour les concerts live et figure en t\u00eate du dernier classement de Time Out des meilleures villes au monde pour faire la f\u00eate. Un rappel que les chiffres ne capturent pas toujours l\u2019\u00e9nergie d\u2019une ville quand la nuit tombe.<\/p>\n<p>Les capitales europ\u00e9ennes de la musique en 2025<\/p>\n<ol>&#13;<\/p>\n<li>London<\/li>\n<p>&#13;<\/p>\n<li>Paris<\/li>\n<p>&#13;<\/p>\n<li>Budapest<\/li>\n<p>&#13;<\/p>\n<li>Berlin<\/li>\n<p>&#13;<\/p>\n<li>Prague<\/li>\n<p>&#13;<\/p>\n<li>Copenhagen<\/li>\n<p>&#13;<\/p>\n<li>Dublin<\/li>\n<p>&#13;<\/p>\n<li>Barcelona<\/li>\n<p>&#13;<\/p>\n<li>Madrid<\/li>\n<p>&#13;<\/p>\n<li>Naples<\/li>\n<p>&#13;\n<\/ol>\n","protected":false},"excerpt":{"rendered":"Quelle est votre ville f\u00e9tiche pour un concert incandescent ou une nuit qui s\u2019\u00e9tire jusqu\u2019\u00e0 l\u2019aube ? Que&hellip;\n","protected":false},"author":2,"featured_media":26112,"comment_status":"","ping_status":"","sticky":false,"template":"","format":"standard","meta":{"footnotes":""},"categories":[1888],"tags":[11,9296,9295,1777,674,1011,27,873,12,626,25],"class_list":{"0":"post-26111","1":"post","2":"type-post","3":"status-publish","4":"format-standard","5":"has-post-thumbnail","7":"category-paris","8":"tag-actualites","9":"tag-actualites-musique","10":"tag-categories-musique","11":"tag-eu","12":"tag-europe","13":"tag-fr","14":"tag-france","15":"tag-musique","16":"tag-news","17":"tag-paris","18":"tag-republique-francaise"},"share_on_mastodon":{"url":"https:\/\/pubeurope.com\/@fr\/114340811717816067","error":""},"_links":{"self":[{"href":"https:\/\/www.europesays.com\/fr\/wp-json\/wp\/v2\/posts\/26111","targetHints":{"allow":["GET"]}}],"collection":[{"href":"https:\/\/www.europesays.com\/fr\/wp-json\/wp\/v2\/posts"}],"about":[{"href":"https:\/\/www.europesays.com\/fr\/wp-json\/wp\/v2\/types\/post"}],"author":[{"embeddable":true,"href":"https:\/\/www.europesays.com\/fr\/wp-json\/wp\/v2\/users\/2"}],"replies":[{"embeddable":true,"href":"https:\/\/www.europesays.com\/fr\/wp-json\/wp\/v2\/comments?post=26111"}],"version-history":[{"count":0,"href":"https:\/\/www.europesays.com\/fr\/wp-json\/wp\/v2\/posts\/26111\/revisions"}],"wp:featuredmedia":[{"embeddable":true,"href":"https:\/\/www.europesays.com\/fr\/wp-json\/wp\/v2\/media\/26112"}],"wp:attachment":[{"href":"https:\/\/www.europesays.com\/fr\/wp-json\/wp\/v2\/media?parent=26111"}],"wp:term":[{"taxonomy":"category","embeddable":true,"href":"https:\/\/www.europesays.com\/fr\/wp-json\/wp\/v2\/categories?post=26111"},{"taxonomy":"post_tag","embeddable":true,"href":"https:\/\/www.europesays.com\/fr\/wp-json\/wp\/v2\/tags?post=26111"}],"curies":[{"name":"wp","href":"https:\/\/api.w.org\/{rel}","templated":true}]}}