{"id":261111,"date":"2025-07-20T13:01:09","date_gmt":"2025-07-20T13:01:09","guid":{"rendered":"https:\/\/www.europesays.com\/fr\/261111\/"},"modified":"2025-07-20T13:01:09","modified_gmt":"2025-07-20T13:01:09","slug":"decouvrez-le-top-10-des-prenoms-les-plus-donnes-en-2024-aux-bebes-dans-le-departement","status":"publish","type":"post","link":"https:\/\/www.europesays.com\/fr\/261111\/","title":{"rendered":"d\u00e9couvrez le top 10 des pr\u00e9noms les plus donn\u00e9s en 2024 aux b\u00e9b\u00e9s dans le d\u00e9partement"},"content":{"rendered":"<p>            Par<br \/>\n        <strong><br \/>\n            <a href=\"https:\/\/actu.fr\/auteur\/jerome-lemonnier\" title=\"Consulter tous les articles de J\u00e9r\u00f4me Lemonnier\" rel=\"nofollow noopener\" target=\"_blank\">J\u00e9r\u00f4me Lemonnier<\/a><br \/>\n        <\/strong><\/p>\n<p>        Publi\u00e9 le<\/p>\n<p>            20 juil. 2025 \u00e0 14h13        <\/p>\n<p>Donner un <b>pr\u00e9nom <\/b>\u00e0 un <a href=\"https:\/\/actu.fr\/tag\/enfants\" rel=\"nofollow noopener\" target=\"_blank\">enfant<\/a> n\u2019est pas une chose facile. Mais \u00e0 bien y regarder, certains <b>parents <\/b>doivent se laisser guider (inconsciemment ou pas) par les <b>tendances<\/b>. En ce mois de juillet, l\u2019<b>Insee<\/b>, comprenez l\u2019Institut national de la statistique et des \u00e9tudes \u00e9conomiques, vient de rendre public sa derni\u00e8re production\u2009: le classement des pr\u00e9noms les plus attribu\u00e9s au <b>cours de l\u2019ann\u00e9e 2024<\/b>. Qu\u2019en est-il pour la <a href=\"https:\/\/actu.fr\/ile-de-france\/seine-et-marne_77\" rel=\"nofollow noopener\" target=\"_blank\">Seine-et-Marne<\/a>\u2009?<\/p>\n<p>La tendance se confirme chez les gar\u00e7ons<\/p>\n<p class=\" wall-content\">L\u2019an pass\u00e9, le pr\u00e9nom <b>Gabriel <\/b>occupait la t\u00eate du classement des naissances en Seine-et-Marne, <b>avec 81 b\u00e9b\u00e9s<\/b> portant ce nom. Pour ce qu\u2019il en est de 2024, c\u2019est une fois de plus ce pr\u00e9nom qui l\u2019emporte, talonn\u00e9 par <b>Noah<\/b>. Le pr\u00e9nom <b>Adam<\/b>, qui est d\u2019ailleurs le plus donn\u00e9 \u00e0 l\u2019\u00e9chelle de l\u2019<b>Ile-de-France<\/b> cette ann\u00e9e, monte sur la troisi\u00e8me marche du podium.<\/p>\n<p class=\" wall-content\"><b>Le classement chez les gar\u00e7ons<\/b>\u2009:<\/p>\n<p class=\" wall-content\">1. Gabriel<\/p>\n<p class=\" wall-content\">2. Noah<\/p>\n<p>Vid\u00e9os : en ce moment sur Actu<\/p>\n<p class=\" wall-content\">3. Adam<\/p>\n<p class=\" wall-content\">4. Liam<\/p>\n<p class=\" wall-content\">5. L\u00e9o<\/p>\n<p class=\" wall-content\">6. Rapha\u00ebl<\/p>\n<p class=\" wall-content\">7. Isaac<\/p>\n<p class=\" wall-content\">8. Lucas<\/p>\n<p class=\" wall-content\">9. Ma\u00ebl<\/p>\n<p class=\" wall-content\">10. Louis<\/p>\n<p>Changement chez les filles<\/p>\n<p class=\" wall-content\">Chez les filles, le pr\u00e9nom en t\u00eate l\u2019an dernier ne figure plus sur le podium. <b>Emma<\/b>, en t\u00eate deux ann\u00e9es de suite, laisse la place \u00e0 <b>Lina<\/b>, <b>Alma <\/b>et <b>Alba<\/b>, qui sont presque ex \u00e6quo.<\/p>\n<p class=\" wall-content\"><b>Le classement chez les filles<\/b>\u2009:<\/p>\n<p class=\" wall-content\">1. Lina<\/p>\n<p class=\" wall-content\">2. Alma<\/p>\n<p class=\" wall-content\">3. Alba<\/p>\n<p class=\" wall-content\">4. Jade<\/p>\n<p class=\" wall-content\">5. Iris<\/p>\n<p class=\" wall-content\">6. Inaya<\/p>\n<p class=\" wall-content\">7. Emma<\/p>\n<p class=\" wall-content\">8. Ambre<\/p>\n<p class=\" wall-content\">9. Mia<\/p>\n<p class=\" wall-content\">10. Louise<\/p>\n<p>La mode des pr\u00e9noms courts<\/p>\n<p class=\" wall-content\">Noah, Ma\u00ebl, L\u00e9o, Eden, Adam, Emma, Alma, Alba, Jade, Ambre\u2026 autant de pr\u00e9noms qui restent dans le tiers sup\u00e9rieur du classement.<\/p>\n<p class=\" wall-content\">La classification de cette ann\u00e9e t\u00e9moigne encore d\u2019une tendance qui dure\u2009: celle des\u00a0<b>pr\u00e9noms courts<\/b>, mais aussi, chez les filles, des\u00a0<b>pr\u00e9noms se terminant par la lettre \u00ab\u2009a\u2009\u00bb<\/b>, pr\u00e9sents \u00e0 six reprises dans le Top\u00a010 du d\u00e9partement\u2009!<\/p>\n<p>Et au niveau national\u2009?<\/p>\n<p class=\" wall-content\">Au niveau national, c\u2019est le pr\u00e9nom <b>Louise <\/b>qui enregistre le plus de naissances en 2024. Avec 3\u2009125 naissances, ce pr\u00e9nom devance Jade (3\u2009055) et Ambre notamment (2\u2009815).<\/p>\n<p class=\" wall-content\">C\u00f4t\u00e9 gar\u00e7on, la tendance de l\u2019ann\u00e9e derni\u00e8re ne change pas. C\u2019est toujours le pr\u00e9nom <b>Gabriel <\/b>qui caracole en t\u00eate, et ce, depuis la fin des ann\u00e9es 2010. L\u2019an pass\u00e9 4\u2009550 petits gar\u00e7ons ont re\u00e7u ce pr\u00e9nom. Loin derri\u00e8re, on retrouve Rapha\u00ebl avec 3\u2009470 naissances, puis Louis et L\u00e9o quasiment \u00e0 \u00e9galit\u00e9 autour des 3\u2009335 naissances.<\/p>\n<p class=\" wall-content\">Suivez toute l\u2019actualit\u00e9 de vos villes et m\u00e9dias favoris en vous inscrivant \u00e0 <a href=\"https:\/\/moncompte.actu.fr\" title=\"D\u00e9couvez Mon Actu\" rel=\"nofollow noopener\" data-trk=\"{&quot;cta&quot;:{&quot;action&quot;:&quot;https:\\\/\\\/moncompte.actu.fr&quot;,&quot;category&quot;:&quot;mon compte&quot;,&quot;from&quot;:&quot;article footer&quot;,&quot;name&quot;:&quot;Mon actu&quot;,&quot;type&quot;:&quot;cta&quot;}}\" target=\"_blank\">Mon Actu<\/a>.<\/p>\n","protected":false},"excerpt":{"rendered":"Par J\u00e9r\u00f4me Lemonnier Publi\u00e9 le 20 juil. 2025 \u00e0 14h13 Donner un pr\u00e9nom \u00e0 un enfant n\u2019est pas&hellip;\n","protected":false},"author":2,"featured_media":261112,"comment_status":"","ping_status":"","sticky":false,"template":"","format":"standard","meta":{"footnotes":""},"categories":[1888],"tags":[1111,1928,11,1927,1719,1777,674,1011,27,12,1926,626,1925,25,104],"class_list":{"0":"post-261111","1":"post","2":"type-post","3":"status-publish","4":"format-standard","5":"has-post-thumbnail","7":"category-paris","8":"tag-actu","9":"tag-actu-paris","10":"tag-actualites","11":"tag-actualites-paris","12":"tag-enfants","13":"tag-eu","14":"tag-europe","15":"tag-fr","16":"tag-france","17":"tag-news","18":"tag-news-paris","19":"tag-paris","20":"tag-paris-news","21":"tag-republique-francaise","22":"tag-societe"},"share_on_mastodon":{"url":"https:\/\/pubeurope.com\/@fr\/114885694869134371","error":""},"_links":{"self":[{"href":"https:\/\/www.europesays.com\/fr\/wp-json\/wp\/v2\/posts\/261111","targetHints":{"allow":["GET"]}}],"collection":[{"href":"https:\/\/www.europesays.com\/fr\/wp-json\/wp\/v2\/posts"}],"about":[{"href":"https:\/\/www.europesays.com\/fr\/wp-json\/wp\/v2\/types\/post"}],"author":[{"embeddable":true,"href":"https:\/\/www.europesays.com\/fr\/wp-json\/wp\/v2\/users\/2"}],"replies":[{"embeddable":true,"href":"https:\/\/www.europesays.com\/fr\/wp-json\/wp\/v2\/comments?post=261111"}],"version-history":[{"count":0,"href":"https:\/\/www.europesays.com\/fr\/wp-json\/wp\/v2\/posts\/261111\/revisions"}],"wp:featuredmedia":[{"embeddable":true,"href":"https:\/\/www.europesays.com\/fr\/wp-json\/wp\/v2\/media\/261112"}],"wp:attachment":[{"href":"https:\/\/www.europesays.com\/fr\/wp-json\/wp\/v2\/media?parent=261111"}],"wp:term":[{"taxonomy":"category","embeddable":true,"href":"https:\/\/www.europesays.com\/fr\/wp-json\/wp\/v2\/categories?post=261111"},{"taxonomy":"post_tag","embeddable":true,"href":"https:\/\/www.europesays.com\/fr\/wp-json\/wp\/v2\/tags?post=261111"}],"curies":[{"name":"wp","href":"https:\/\/api.w.org\/{rel}","templated":true}]}}