{"id":261114,"date":"2025-07-20T13:03:09","date_gmt":"2025-07-20T13:03:09","guid":{"rendered":"https:\/\/www.europesays.com\/fr\/261114\/"},"modified":"2025-07-20T13:03:09","modified_gmt":"2025-07-20T13:03:09","slug":"pourquoi-cette-station-de-metro-a-t-elle-ferme-ce-dimanche-sur-ordre-de-la-prefecture-de-police","status":"publish","type":"post","link":"https:\/\/www.europesays.com\/fr\/261114\/","title":{"rendered":"pourquoi cette station de m\u00e9tro a-t-elle ferm\u00e9 ce dimanche sur ordre de la pr\u00e9fecture de Police"},"content":{"rendered":"<p>            Par<br \/>\n        <strong><br \/>\n            <a href=\"https:\/\/actu.fr\/auteur\/antoine-grotteria02\" title=\"Consulter tous les articles de Antoine Grotteria\" target=\"_blank\" rel=\"noopener\">Antoine Grotteria<\/a><br \/>\n        <\/strong><\/p>\n<p>        Publi\u00e9 le<\/p>\n<p>            20 juil. 2025 \u00e0 14h44        <\/p>\n<p>Surprise pour les touristes souhaitant se rendre \u00e0 la <a href=\"https:\/\/actu.fr\/tag\/tour-eiffel\" target=\"_blank\" rel=\"noopener\">tour Eiffel<\/a>. La station de m\u00e9tro de la ligne 6, <a href=\"https:\/\/actu.fr\/ile-de-france\/paris_75056\/paris-fermee-en-urgence-en-raison-d-un-risque-d-effondrement-la-passerelle-bir-hakeim-va-etre-remplacee_61726523.html\" target=\"_blank\" rel=\"noopener\">Bir Hakeim<\/a>, situ\u00e9e dans le 15e arrondissement de <a href=\"https:\/\/actu.fr\/paris\/\" target=\"_blank\" rel=\"noopener\">Paris<\/a>, est <strong>ferm\u00e9e<\/strong> ce dimanche 20\u00a0juillet 2025, a inform\u00e9 la <a href=\"https:\/\/actu.fr\/tag\/ratp\" target=\"_blank\" rel=\"noopener\">RATP<\/a> sur le r\u00e9seau social X. Il s\u2019agit d\u2019une \u00ab\u2009mesure de <strong>s\u00e9curit\u00e9<\/strong>\u2009\u00bb prise par la <a href=\"https:\/\/actu.fr\/tag\/prefecture-de-police-de-paris\" target=\"_blank\" rel=\"noopener\">pr\u00e9fecture de Police<\/a> de Paris.<\/p>\n<p>La station de nouveau ouverte<\/p>\n<p class=\" wall-content\">Sollicit\u00e9e par actu Paris, l\u2019institution a indiqu\u00e9 que la fermeture avait trait \u00e0 <strong>la c\u00e9r\u00e9monie relative \u00e0 la 83e comm\u00e9moration de la <a href=\"https:\/\/actu.fr\/ile-de-france\/paris_75056\/la-rafle-du-vel-d-hiv-a-paris-crime-majeur-de-la-shoah-et-de-la-collaboration-commis-il-y-a-80-ans_52471615.html\" target=\"_blank\" rel=\"noopener\">rafle du Vel d\u2019Hiv<\/a><\/strong>, dans le cadre de la Journ\u00e9e nationale \u00e0 la m\u00e9moire des victimes de crimes racistes et antis\u00e9mites de l\u2019\u00c9tat fran\u00e7ais et d\u2019hommage aux \u00ab\u2009Justes\u2009\u00bb de France. L\u2019\u00e9v\u00e9nement a lieu au monument comm\u00e9moratif plac\u00e9 dans le square du Martyr juif du Vel d\u2019Hiv, quai de Grenelle. La station a rouvert vers <strong>14h45<\/strong>, a fait savoir la RATP.<\/p>\n<p class=\" wall-content\">\n<p class=\" wall-content\">\n<p class=\" wall-content\">La station Bir Hakeim, qui se situe pr\u00e8s de la \u00ab\u2009Dame de fer\u2009\u00bb est tr\u00e8s fr\u00e9quent\u00e9e par les <strong>touristes<\/strong>. Des millions de visiteurs y descendent chaque ann\u00e9e. Pour ces derniers, une alternative existe avec la ligne de bus 30 et la ligne 42. Le site <a href=\"https:\/\/www.ratp.fr\/itineraires\" target=\"_blank\" rel=\"noopener\">ratp.fr\/alternatives<\/a> sugg\u00e8re d\u2019autres trajets.<\/p>\n<p class=\" wall-content\">Suivez toute l\u2019actualit\u00e9 de vos villes et m\u00e9dias favoris en vous inscrivant \u00e0 <a href=\"https:\/\/moncompte.actu.fr\" title=\"D\u00e9couvez Mon Actu\" rel=\"nofollow noopener\" data-trk=\"{&quot;cta&quot;:{&quot;action&quot;:&quot;https:\\\/\\\/moncompte.actu.fr&quot;,&quot;category&quot;:&quot;mon compte&quot;,&quot;from&quot;:&quot;article footer&quot;,&quot;name&quot;:&quot;Mon actu&quot;,&quot;type&quot;:&quot;cta&quot;}}\" target=\"_blank\">Mon Actu<\/a>.<\/p>\n","protected":false},"excerpt":{"rendered":"Par Antoine Grotteria Publi\u00e9 le 20 juil. 2025 \u00e0 14h44 Surprise pour les touristes souhaitant se rendre \u00e0&hellip;\n","protected":false},"author":2,"featured_media":261115,"comment_status":"","ping_status":"","sticky":false,"template":"","format":"standard","meta":{"footnotes":""},"categories":[1888],"tags":[11,1777,674,1011,27,12,626,1931,625,25,104,2803],"class_list":{"0":"post-261114","1":"post","2":"type-post","3":"status-publish","4":"format-standard","5":"has-post-thumbnail","7":"category-paris","8":"tag-actualites","9":"tag-eu","10":"tag-europe","11":"tag-fr","12":"tag-france","13":"tag-news","14":"tag-paris","15":"tag-prefecture-de-police-de-paris","16":"tag-ratp","17":"tag-republique-francaise","18":"tag-societe","19":"tag-transport"},"share_on_mastodon":{"url":"https:\/\/pubeurope.com\/@fr\/114885702662107108","error":""},"_links":{"self":[{"href":"https:\/\/www.europesays.com\/fr\/wp-json\/wp\/v2\/posts\/261114","targetHints":{"allow":["GET"]}}],"collection":[{"href":"https:\/\/www.europesays.com\/fr\/wp-json\/wp\/v2\/posts"}],"about":[{"href":"https:\/\/www.europesays.com\/fr\/wp-json\/wp\/v2\/types\/post"}],"author":[{"embeddable":true,"href":"https:\/\/www.europesays.com\/fr\/wp-json\/wp\/v2\/users\/2"}],"replies":[{"embeddable":true,"href":"https:\/\/www.europesays.com\/fr\/wp-json\/wp\/v2\/comments?post=261114"}],"version-history":[{"count":0,"href":"https:\/\/www.europesays.com\/fr\/wp-json\/wp\/v2\/posts\/261114\/revisions"}],"wp:featuredmedia":[{"embeddable":true,"href":"https:\/\/www.europesays.com\/fr\/wp-json\/wp\/v2\/media\/261115"}],"wp:attachment":[{"href":"https:\/\/www.europesays.com\/fr\/wp-json\/wp\/v2\/media?parent=261114"}],"wp:term":[{"taxonomy":"category","embeddable":true,"href":"https:\/\/www.europesays.com\/fr\/wp-json\/wp\/v2\/categories?post=261114"},{"taxonomy":"post_tag","embeddable":true,"href":"https:\/\/www.europesays.com\/fr\/wp-json\/wp\/v2\/tags?post=261114"}],"curies":[{"name":"wp","href":"https:\/\/api.w.org\/{rel}","templated":true}]}}