{"id":261118,"date":"2025-07-20T13:05:09","date_gmt":"2025-07-20T13:05:09","guid":{"rendered":"https:\/\/www.europesays.com\/fr\/261118\/"},"modified":"2025-07-20T13:05:09","modified_gmt":"2025-07-20T13:05:09","slug":"lukraine-avance-une-nouvelle-tentative-de-dialogue-avec-la-russie-linfo-re","status":"publish","type":"post","link":"https:\/\/www.europesays.com\/fr\/261118\/","title":{"rendered":"L\u2019Ukraine avance une nouvelle tentative de dialogue avec la Russie &#8211; LINFO.re"},"content":{"rendered":"<p>Le pr\u00e9sident ukrainien Volodymyr Zelensky a ouvert la porte pour de nouvelles discussions avec Moscou ce samedi 19 juillet.<\/p>\n<p style=\"text-align: justify;\">Le secr\u00e9taire du Conseil de s\u00e9curit\u00e9, Roustem Oumerov, a sugg\u00e9r\u00e9 la tenue d\u2019une nouvelle rencontre d\u00e8s la semaine prochaine, selon les propos du pr\u00e9sident ukrainien. Il l\u2019a \u00e9voqu\u00e9 lors de sa communication quotidienne aux citoyens.<\/p>\n<p><strong>Peu de progr\u00e8s lors des pr\u00e9c\u00e9dents \u00e9changes<\/strong><\/p>\n<p style=\"text-align: justify;\">Cette initiative diplomatique intervient peu apr\u00e8s l\u2019annonce de Donald Trump sur la reprise des livraisons d\u2019armes am\u00e9ricaines \u00e0 l\u2019<strong>Ukraine<\/strong>. Deux r\u00e9unions ont d\u00e9j\u00e0 eu lieu \u00e0 Istanbul, r\u00e9unissant les d\u00e9l\u00e9gations russe et ukrainienne. Organis\u00e9es sous l\u2019impulsion de Washington, les retours n\u2019ont pas eu l\u2019effet escompt\u00e9, elles n\u2019ont abouti qu\u2019\u00e0 des \u00e9changes de prisonniers et de corps. Aucun accord sur un cessez-le-feu n\u2019a pu \u00eatre conclu jusqu\u2019\u00e0 pr\u00e9sent. La nouvelle <strong>proposition de Kiev <\/strong>esp\u00e8re des avanc\u00e9es plus significatives.<\/p>\n<p><strong>Tensions militaires et pression \u00e9conomique<\/strong><\/p>\n<p style=\"text-align: justify;\">Sur le terrain, les bombardements russes se poursuivent. Au moins trois civils ont perdu la vie cette semaine, notamment \u00e0 Vassylkivska. La r\u00e9gion de Dnipropetrovsk a \u00e9t\u00e9 vis\u00e9e par un missile. La communaut\u00e9 internationale continue d\u2019exercer des pressions. En parall\u00e8le, l\u2019Union europ\u00e9enne a durci ses sanctions. Pour toucher l\u2019\u00e9conomie russe, elle cible les revenus p\u00e9troliers russes et esp\u00e8re un soutien rapide des \u00c9tats-Unis si le conflit se poursuit.<\/p>\n<p>Source\u00a0: TF1 INFO<\/p>\n","protected":false},"excerpt":{"rendered":"Le pr\u00e9sident ukrainien Volodymyr Zelensky a ouvert la porte pour de nouvelles discussions avec Moscou ce samedi 19&hellip;\n","protected":false},"author":2,"featured_media":261119,"comment_status":"","ping_status":"","sticky":false,"template":"","format":"standard","meta":{"footnotes":""},"categories":[1591],"tags":[47,11,674,1887,1922,74,12,1885,1886,132,13100,220],"class_list":{"0":"post-261118","1":"post","2":"type-post","3":"status-publish","4":"format-standard","5":"has-post-thumbnail","7":"category-russie","8":"tag-actualite","9":"tag-actualites","10":"tag-europe","11":"tag-federation-de-russie","12":"tag-info","13":"tag-monde","14":"tag-news","15":"tag-russia","16":"tag-russian-federation","17":"tag-russie","18":"tag-russie-ukraine-conflit","19":"tag-ukraine"},"share_on_mastodon":{"url":"https:\/\/pubeurope.com\/@fr\/114885710481186244","error":""},"_links":{"self":[{"href":"https:\/\/www.europesays.com\/fr\/wp-json\/wp\/v2\/posts\/261118","targetHints":{"allow":["GET"]}}],"collection":[{"href":"https:\/\/www.europesays.com\/fr\/wp-json\/wp\/v2\/posts"}],"about":[{"href":"https:\/\/www.europesays.com\/fr\/wp-json\/wp\/v2\/types\/post"}],"author":[{"embeddable":true,"href":"https:\/\/www.europesays.com\/fr\/wp-json\/wp\/v2\/users\/2"}],"replies":[{"embeddable":true,"href":"https:\/\/www.europesays.com\/fr\/wp-json\/wp\/v2\/comments?post=261118"}],"version-history":[{"count":0,"href":"https:\/\/www.europesays.com\/fr\/wp-json\/wp\/v2\/posts\/261118\/revisions"}],"wp:featuredmedia":[{"embeddable":true,"href":"https:\/\/www.europesays.com\/fr\/wp-json\/wp\/v2\/media\/261119"}],"wp:attachment":[{"href":"https:\/\/www.europesays.com\/fr\/wp-json\/wp\/v2\/media?parent=261118"}],"wp:term":[{"taxonomy":"category","embeddable":true,"href":"https:\/\/www.europesays.com\/fr\/wp-json\/wp\/v2\/categories?post=261118"},{"taxonomy":"post_tag","embeddable":true,"href":"https:\/\/www.europesays.com\/fr\/wp-json\/wp\/v2\/tags?post=261118"}],"curies":[{"name":"wp","href":"https:\/\/api.w.org\/{rel}","templated":true}]}}