{"id":261124,"date":"2025-07-20T13:09:15","date_gmt":"2025-07-20T13:09:15","guid":{"rendered":"https:\/\/www.europesays.com\/fr\/261124\/"},"modified":"2025-07-20T13:09:15","modified_gmt":"2025-07-20T13:09:15","slug":"pour-selma-bacha-lallemagne-na-rien-propose-euro-2025-quarts-france-allemagne-1-1-5-6-tab","status":"publish","type":"post","link":"https:\/\/www.europesays.com\/fr\/261124\/","title":{"rendered":"Pour Selma Bacha, l\u2019Allemagne n\u2019a \u00ab\u202frien propos\u00e9\u202f\u00bb &#8211; Euro 2025 &#8211; Quarts &#8211; France-Allemagne (1-1, 5-6 TAB)"},"content":{"rendered":"<p>Frustration, quand tu nous tiens\u2026<\/p>\n<p><a target=\"_blank\" href=\"https:\/\/www.sofoot.com\/articles\/euro-f-2025-la-france-une-nouvelle-fois-eliminee-en-quart%20de%20finale-par-lallemagne\" rel=\"nofollow noopener\">\u00c9limin\u00e9es aux tirs au but par l\u2019Allemagne en quarts de finale de l\u2019Euro f\u00e9minin, les joueuses de l\u2019\u00e9quipe de France<\/a> peuvent l\u2019avoir mauvaise. En t\u00e9moignent <strong>les propos de <\/strong><b>Selma Bacha, qui s\u2019est dit \u00ab\u202fforc\u00e9ment d\u00e9\u00e7ue\u202f\u00bb et a parl\u00e9 de loterie <\/b>face aux m\u00e9dias : \u00ab\u202fOn a eu deux buts refus\u00e9s et une barre transversale, la gardienne a \u00e9t\u00e9 exceptionnelle. Les tirs au but, c\u2019est une chance sur deux. Je n\u2019ai pas les mots, c\u2019est une aventure qui s\u2019arr\u00eate. On a tout simplement jou\u00e9 comme on savait le faire, on a eu la possession. On voulait prendre du plaisir, on s\u2019est un peu pr\u00e9cipit\u00e9es sur certaines choses et on a manqu\u00e9 de chance.\u202f\u00bb<\/p>\n<p>Surtout, <strong>l\u2019arri\u00e8re gauche a trouv\u00e9 \u00e0 redire sur son adversaire (qui a jou\u00e9 \u00e0 dix contre onze quasiment toute la rencontre)<\/strong> : \u00ab\u202fElles n\u2019ont rien propos\u00e9, elles ont bien d\u00e9fendu\u2026 Elles ont \u00e9t\u00e9 agressives, mais on les a domin\u00e9es de A \u00e0 Z ! Elles sont qualifi\u00e9es, et je suis d\u00e9sol\u00e9e de le dire, mais ce n\u2019est m\u00eame pas m\u00e9rit\u00e9\u2026 Sauf qu\u2019elles sont en demies. Je suis une mauvaise perdante\u2026 On commence \u00e0 former un groupe, cette d\u00e9faite me fait mal, m\u00eame si je n\u2019ai pas de larmes qui coulent. On a \u00e9t\u00e9 l\u00e0, on a montr\u00e9 un beau visage de la France. J\u2019esp\u00e8re qu\u2019un jour, j\u2019am\u00e8nerai un titre \u00e0 la France. \u00c7a fait mal, je vais tout couper.\u202f\u00bb<\/p>\n<p><a target=\"_blank\" href=\"https:\/\/www.sofoot.com\/articles\/euro-f-2025-dans-les-maux-des-bleues-apres-la-defaite-de-la-france-contre-lallemagne\" rel=\"nofollow noopener\">Une chance sur deux, une chance sur deux<\/a>\u2026<\/p>\n<p>\t\t\t\t\t\t\t\t\t\t<a class=\"lien-connexe\" href=\"https:\/\/www.sofoot.com\/breves\/euro-feminin-pour-griedge-mbock-la-france-a-peche-dans-lagressivite-contre-lallemagne\" rel=\"nofollow noopener\" target=\"_blank\">Pour Griedge Mbock, la France a manqu\u00e9 d&rsquo;agressivit\u00e9 <\/a>\t\t\t\t\t<\/p>\n","protected":false},"excerpt":{"rendered":"Frustration, quand tu nous tiens\u2026 \u00c9limin\u00e9es aux tirs au but par l\u2019Allemagne en quarts de finale de l\u2019Euro&hellip;\n","protected":false},"author":2,"featured_media":261125,"comment_status":"","ping_status":"","sticky":false,"template":"","format":"standard","meta":{"footnotes":""},"categories":[1587],"tags":[47,11,61,672,69,1804,65,1805,1803,64,1777,674,63,1801,68,66,12,62,70,1802,67],"class_list":{"0":"post-261124","1":"post","2":"type-post","3":"status-publish","4":"format-standard","5":"has-post-thumbnail","7":"category-allemagne","8":"tag-actualite","9":"tag-actualites","10":"tag-actus-football","11":"tag-allemagne","12":"tag-bundesliga","13":"tag-bundesrepublik-deutschland","14":"tag-championnats-europeens","15":"tag-de","16":"tag-deutschland","17":"tag-equipe-de-france","18":"tag-eu","19":"tag-europe","20":"tag-football","21":"tag-germany","22":"tag-ligua","23":"tag-ligue-1","24":"tag-news","25":"tag-news-foot","26":"tag-premier-league","27":"tag-republique-federale-dallemagne","28":"tag-serie-a"},"share_on_mastodon":{"url":"https:\/\/pubeurope.com\/@fr\/114885726249873185","error":""},"_links":{"self":[{"href":"https:\/\/www.europesays.com\/fr\/wp-json\/wp\/v2\/posts\/261124","targetHints":{"allow":["GET"]}}],"collection":[{"href":"https:\/\/www.europesays.com\/fr\/wp-json\/wp\/v2\/posts"}],"about":[{"href":"https:\/\/www.europesays.com\/fr\/wp-json\/wp\/v2\/types\/post"}],"author":[{"embeddable":true,"href":"https:\/\/www.europesays.com\/fr\/wp-json\/wp\/v2\/users\/2"}],"replies":[{"embeddable":true,"href":"https:\/\/www.europesays.com\/fr\/wp-json\/wp\/v2\/comments?post=261124"}],"version-history":[{"count":0,"href":"https:\/\/www.europesays.com\/fr\/wp-json\/wp\/v2\/posts\/261124\/revisions"}],"wp:featuredmedia":[{"embeddable":true,"href":"https:\/\/www.europesays.com\/fr\/wp-json\/wp\/v2\/media\/261125"}],"wp:attachment":[{"href":"https:\/\/www.europesays.com\/fr\/wp-json\/wp\/v2\/media?parent=261124"}],"wp:term":[{"taxonomy":"category","embeddable":true,"href":"https:\/\/www.europesays.com\/fr\/wp-json\/wp\/v2\/categories?post=261124"},{"taxonomy":"post_tag","embeddable":true,"href":"https:\/\/www.europesays.com\/fr\/wp-json\/wp\/v2\/tags?post=261124"}],"curies":[{"name":"wp","href":"https:\/\/api.w.org\/{rel}","templated":true}]}}