{"id":261127,"date":"2025-07-20T13:11:16","date_gmt":"2025-07-20T13:11:16","guid":{"rendered":"https:\/\/www.europesays.com\/fr\/261127\/"},"modified":"2025-07-20T13:11:16","modified_gmt":"2025-07-20T13:11:16","slug":"le-comite-des-fetes-de-marigny-brizay-a-eu-raison-den-faire-des-caisses","status":"publish","type":"post","link":"https:\/\/www.europesays.com\/fr\/261127\/","title":{"rendered":"le comit\u00e9 des f\u00eates de Marigny-Brizay a eu raison d\u2019en faire des caisses"},"content":{"rendered":"<p>Lundi 14\u00a0juillet 2025, le comit\u00e9 des f\u00eates de Marigny-Brizay a organis\u00e9 sa premi\u00e8re descente de caisses \u00e0 savon avec un grand succ\u00e8s. Cette premi\u00e8re a\u00a0attir\u00e9 environ 4.000 visiteurs\u00a0sur la journ\u00e9e selon Yves Fillatreau, le speaker professionnel de la descente.\u00a0Le vainqueur de cette premi\u00e8re \u00e9dition est la biplace Mario cross\u00a0pilot\u00e9e par Teddy Perrier\u00a0accompagn\u00e9 de &#8230; <\/p>\n<p>    Cet article a \u00e9t\u00e9 tronqu\u00e9. Abonnez-vous pour lire l&rsquo;article complet sur notre site.<\/p>\n<p style=\"margin: 0 !important; padding: 0 !important; font-size: 12px !important;\">Cet article a \u00e9t\u00e9 tronqu\u00e9. Abonnez-vous pour lire l&rsquo;article complet.<\/p>\n<p>    <a href=\"https:\/\/www.lanouvellerepublique.fr\/abonnements\" style=\"display: inline-block; margin-top: 5px !important; padding: 6px 12px !important; background: #cb1c27; color: white; text-decoration: none; border-radius: 4px; font-size: 12px !important;\" target=\"_blank\" rel=\"noopener\"><br \/>\n      S&rsquo;abonner<br \/>\n    <\/a><\/p>\n","protected":false},"excerpt":{"rendered":"Lundi 14\u00a0juillet 2025, le comit\u00e9 des f\u00eates de Marigny-Brizay a organis\u00e9 sa premi\u00e8re descente de caisses \u00e0 savon&hellip;\n","protected":false},"author":2,"featured_media":261128,"comment_status":"","ping_status":"","sticky":false,"template":"","format":"standard","meta":{"footnotes":""},"categories":[1586],"tags":[11,1674,1777,674,1779,1011,27,35138,4387,12,25,1778,364],"class_list":{"0":"post-261127","1":"post","2":"type-post","3":"status-publish","4":"format-standard","5":"has-post-thumbnail","7":"category-europe","8":"tag-actualites","9":"tag-communes","10":"tag-eu","11":"tag-europe","12":"tag-european-union","13":"tag-fr","14":"tag-france","15":"tag-jaunay-marigny","16":"tag-loisirs-sportifs","17":"tag-news","18":"tag-republique-francaise","19":"tag-ue","20":"tag-union-europeenne"},"share_on_mastodon":{"url":"https:\/\/pubeurope.com\/@fr\/114885734124488467","error":""},"_links":{"self":[{"href":"https:\/\/www.europesays.com\/fr\/wp-json\/wp\/v2\/posts\/261127","targetHints":{"allow":["GET"]}}],"collection":[{"href":"https:\/\/www.europesays.com\/fr\/wp-json\/wp\/v2\/posts"}],"about":[{"href":"https:\/\/www.europesays.com\/fr\/wp-json\/wp\/v2\/types\/post"}],"author":[{"embeddable":true,"href":"https:\/\/www.europesays.com\/fr\/wp-json\/wp\/v2\/users\/2"}],"replies":[{"embeddable":true,"href":"https:\/\/www.europesays.com\/fr\/wp-json\/wp\/v2\/comments?post=261127"}],"version-history":[{"count":0,"href":"https:\/\/www.europesays.com\/fr\/wp-json\/wp\/v2\/posts\/261127\/revisions"}],"wp:featuredmedia":[{"embeddable":true,"href":"https:\/\/www.europesays.com\/fr\/wp-json\/wp\/v2\/media\/261128"}],"wp:attachment":[{"href":"https:\/\/www.europesays.com\/fr\/wp-json\/wp\/v2\/media?parent=261127"}],"wp:term":[{"taxonomy":"category","embeddable":true,"href":"https:\/\/www.europesays.com\/fr\/wp-json\/wp\/v2\/categories?post=261127"},{"taxonomy":"post_tag","embeddable":true,"href":"https:\/\/www.europesays.com\/fr\/wp-json\/wp\/v2\/tags?post=261127"}],"curies":[{"name":"wp","href":"https:\/\/api.w.org\/{rel}","templated":true}]}}