{"id":261138,"date":"2025-07-20T13:17:09","date_gmt":"2025-07-20T13:17:09","guid":{"rendered":"https:\/\/www.europesays.com\/fr\/261138\/"},"modified":"2025-07-20T13:17:09","modified_gmt":"2025-07-20T13:17:09","slug":"nouveau-selectionneur-au-xv-de-france-le-grand-changement-valide-par-antoine-dupont","status":"publish","type":"post","link":"https:\/\/www.europesays.com\/fr\/261138\/","title":{"rendered":"Nouveau s\u00e9lectionneur au XV de France\u00a0: Le grand changement valid\u00e9 par Antoine Dupont"},"content":{"rendered":"<p>                    Bernard Colas<br \/>\n                        &#8211;<\/p>\n<p>Journaliste<\/p>\n<p>Passionn\u00e9 de sport, de cin\u00e9ma et de t\u00e9l\u00e9vision (\u00e0 l\u2019\u00e9cran comme derri\u00e8re) depuis son enfance, Bernard est journaliste pour le 10 Sport depuis 2018. Plus habile clavier en main que ballon au pied, il d\u00e9cide de couvrir principalement un sport adul\u00e9, critiqu\u00e9 et d\u00e9test\u00e9 \u00e0 la fois (le football) et un sport qui n\u2019en est pas un (le catch).<\/p>\n<p class=\"heading\">Nomm\u00e9 \u00e0 la t\u00eate des Bleus en 2020, Fabien Galthi\u00e9 a rapidement impos\u00e9 sa patte \u00e0 l\u2019\u00e9quipe. Antoine Dupont salue aujourd\u2019hui les changements apport\u00e9s par Fabien Galthi\u00e9, soulignant l&rsquo;impact positif de la rigueur et de la vision collective du s\u00e9lectionneur en place, qui ont permis au XV de France de se hisser parmi les meilleures nations du rugby mondial.<\/p>\n<p>Sous l\u2019impulsion de <strong>Fabien Galthi\u00e9<\/strong>, le<strong> XV de France<\/strong> est redevenu une nation forte du rugby mondial, pouvant compter sur une g\u00e9n\u00e9ration dor\u00e9e symbolis\u00e9e par <strong>Romain Ntamack<\/strong> ou encore <a href=\"https:\/\/le10sport.com\/rugby\/top14\/on-ne-ma-laisse-le-choix-le-grand-changement-impose-a-antoine-dupont-751038\" rel=\"nofollow noopener\" target=\"_blank\">Antoine Dupont<\/a>. Ce dernier a profit\u00e9 de son passage dans l\u2019\u00e9mission Sous le soleil de Platon sur <strong>France Inter<\/strong> pour saluer les changements apport\u00e9s par <strong>Fabien Galthi\u00e9<\/strong>, nomm\u00e9 il y a cinq ans.<\/p>\n<p>                                            \u00ab\u00a0Quand on a une vision collective, globale, \u00e7a pousse tout le monde \u00e0 travailler\u00a0\u00bb<\/p>\n<p>\u00ab\u00a0Tout ce qu\u2019a apport\u00e9 Fabien avec son staff, quand ils sont arriv\u00e9s en 2020. D\u00e9j\u00e0, beaucoup de rigueur. Un cadre. Un cadre de jeu mais aussi un cadre de vie, savoir o\u00f9 on en est et o\u00f9 on veut aller. Ils sont arriv\u00e9s en disant qu\u2019ils voulaient \u00eatre dans les trois premi\u00e8res nations mondiales, avoir 80\u00a0% de victoires, les gens riaient car on devait \u00eatre \u00e0 50\u00a0%, m\u00eame pas peut-\u00eatre, mais il y croyait, il savait qu\u2019on avait le potentiel pour. Quand on a une vision collective, globale, \u00e7a pousse tout le monde \u00e0 travailler et aller dans le m\u00eame sens\u00a0\u00bb, a expliqu\u00e9 <strong>Antoine Dupont<\/strong>, d\u00e9sign\u00e9 capitaine du <strong>XV de France<\/strong> en 2022.<\/p>\n<p>                                            \u00ab\u00a0J\u2019ai eu la discussion avec Fabien Galthi\u00e9\u00a0\u00bb<\/p>\n<p>C\u2019est donc sous les ordres de <strong>Fabien Galthi\u00e9<\/strong> qu\u2019<strong>Antoine Dupont <\/strong>a h\u00e9rit\u00e9 du brassard, une promotion loin d\u2019\u00eatre naturelle pour lui. \u00ab\u00a0\u00c7a ne se refuse pas ? \u00c7a peut. J\u2019ai eu la discussion avec Fabien Galthi\u00e9 o\u00f9 lui m\u2019avait dit qu\u2019il l\u2019avait refus\u00e9 dans un premier temps quand il \u00e9tait joueur pour finalement l\u2019accepter un peu de force plus tard. \u00c7a peut se refuser m\u00eame si c\u2019est difficile. \u00c7a reste quand m\u00eame un honneur. C\u2019est dur \u00e0 refuser, mais je l\u2019ai accept\u00e9 car je me sentais pr\u00eat \u00bb, explique <strong>Dupont<\/strong>.<\/p>\n","protected":false},"excerpt":{"rendered":"Bernard Colas &#8211; Journaliste Passionn\u00e9 de sport, de cin\u00e9ma et de t\u00e9l\u00e9vision (\u00e0 l\u2019\u00e9cran comme derri\u00e8re) depuis son&hellip;\n","protected":false},"author":2,"featured_media":261139,"comment_status":"","ping_status":"","sticky":false,"template":"","format":"standard","meta":{"footnotes":""},"categories":[1416],"tags":[1011,27,479,1468,60],"class_list":{"0":"post-261138","1":"post","2":"type-post","3":"status-publish","4":"format-standard","5":"has-post-thumbnail","7":"category-rugby","8":"tag-fr","9":"tag-france","10":"tag-rugby","11":"tag-rugby-football","12":"tag-sports"},"share_on_mastodon":{"url":"https:\/\/pubeurope.com\/@fr\/114885757811646224","error":""},"_links":{"self":[{"href":"https:\/\/www.europesays.com\/fr\/wp-json\/wp\/v2\/posts\/261138","targetHints":{"allow":["GET"]}}],"collection":[{"href":"https:\/\/www.europesays.com\/fr\/wp-json\/wp\/v2\/posts"}],"about":[{"href":"https:\/\/www.europesays.com\/fr\/wp-json\/wp\/v2\/types\/post"}],"author":[{"embeddable":true,"href":"https:\/\/www.europesays.com\/fr\/wp-json\/wp\/v2\/users\/2"}],"replies":[{"embeddable":true,"href":"https:\/\/www.europesays.com\/fr\/wp-json\/wp\/v2\/comments?post=261138"}],"version-history":[{"count":0,"href":"https:\/\/www.europesays.com\/fr\/wp-json\/wp\/v2\/posts\/261138\/revisions"}],"wp:featuredmedia":[{"embeddable":true,"href":"https:\/\/www.europesays.com\/fr\/wp-json\/wp\/v2\/media\/261139"}],"wp:attachment":[{"href":"https:\/\/www.europesays.com\/fr\/wp-json\/wp\/v2\/media?parent=261138"}],"wp:term":[{"taxonomy":"category","embeddable":true,"href":"https:\/\/www.europesays.com\/fr\/wp-json\/wp\/v2\/categories?post=261138"},{"taxonomy":"post_tag","embeddable":true,"href":"https:\/\/www.europesays.com\/fr\/wp-json\/wp\/v2\/tags?post=261138"}],"curies":[{"name":"wp","href":"https:\/\/api.w.org\/{rel}","templated":true}]}}