{"id":261140,"date":"2025-07-20T13:18:11","date_gmt":"2025-07-20T13:18:11","guid":{"rendered":"https:\/\/www.europesays.com\/fr\/261140\/"},"modified":"2025-07-20T13:18:11","modified_gmt":"2025-07-20T13:18:11","slug":"tennis-portee-par-la-foule-la-lyonnaise-caroline-garcia-sest-mariee-en-espagne-le-progres","status":"publish","type":"post","link":"https:\/\/www.europesays.com\/fr\/261140\/","title":{"rendered":"Tennis. Port\u00e9e par la foule, la Lyonnaise Caroline Garcia s&#039;est mari\u00e9e en Espagne &#8211; Le Progr\u00e8s"},"content":{"rendered":"<ol>\n<li><a href=\"https:\/\/news.google.com\/rss\/articles\/CBMitAFBVV95cUxPeWJLeC1IS2ZMS3pYV0tpTzRUN2tCZlZSUVN6MUVtQmNoWjlvYzVrcFM0WFJhTjBCYlphbElsVm9TYjV1MWxVR0F2R1BnVjdBclk3djFMbXBibzlyYTZuYjBiajY3Y2lQdkU1dkhoN04zSEhGWDJSOWkta2tNNEMtSFVmZFZXSExQeFRnTGxsV1FhVEtnN0ZWRTBXalNsX2hXTnpJOHdwRVNkRFM4X3NHUlptSEw?oc=5\" target=\"_blank\" rel=\"noopener\">Tennis. Port\u00e9e par la foule, la Lyonnaise Caroline Garcia s&rsquo;est mari\u00e9e en Espagne<\/a>&nbsp;&nbsp;Le Progr\u00e8s<\/li>\n<li><a href=\"https:\/\/news.google.com\/rss\/articles\/CBMihgFBVV95cUxPX3h1Nl9WdDREa1RVNjBxTHdvX0w2M3lxMmxZRHV4c2pVeWMxMnB0LUlWaGF6WGZVNHJNYTlHVjBtUjZ1bjRmNWotZDdzOEN5VXdfRi1TUjhTVWFrdlRQTGJfSk5JZHdkQkY0LUdiRXR1LWsyeHBCYmhBWTE2blF3elJyY2FCQQ?oc=5\" target=\"_blank\" rel=\"noopener\">Insolite, WTA &gt; Caroline Garcia nage enfin dans le bonheur<\/a>&nbsp;&nbsp;We Love Tennis<\/li>\n<li><a href=\"https:\/\/news.google.com\/rss\/articles\/CBMidEFVX3lxTE95VWFuVGgxcnhpTHNBbW9vUXRqQUk5OEs3MG82X2xfVkJOc29SSnhDVlVCdFdvRkhUcHk4TDlLLWRkenFuMzlad1VPUWN5aUxBeHRXOHhEMm1zdC1PV3paWEVFaUcxWnRYLWNrZmRsMGFhcHJl?oc=5\" target=\"_blank\" rel=\"noopener\">Garcia s\u2019est mari\u00e9e ce samedi<\/a>&nbsp;&nbsp;Tennis Temple<\/li>\n<li><a href=\"https:\/\/news.google.com\/rss\/articles\/CBMi2gFBVV95cUxOWGhtMWhfZHg0VG0tRW1YMWc1ZmVsY2pWYm5KRXZhX0E5SW4wWDRRXzlwU0N1YXZNczd0MUJiaXJaLW1jbnpSTGpkQmtMZU9FeXphUFpGSG1jSXdZNVdFdTlsR1NhdzFQaG9OUzdaX1lMYThmUktpRmFBM08zUWZ3aDJSYzJFR2FuS3dJLTE2ZjFmdkM2Y3dLTFdnNUxfT1gteWh1SHpFVzZMb3ZpSUh2cUVRZ05uTExFVWNpVTE5UGRsSjVRYWV6OVozSjVUTTRCS1lOT1JOSkp4QQ?oc=5\" target=\"_blank\" rel=\"noopener\">Caroline Garcia mari\u00e9e : dans une sublime robe blanche, la championne de tennis a dit \u00ab\u00a0oui\u00a0\u00bb \u00e0 son compagnon.<\/a>&nbsp;&nbsp;Closer<\/li>\n<li><a href=\"https:\/\/news.google.com\/rss\/articles\/CBMiqgFBVV95cUxNeHFMRnlJU0VQdDhxQ0p0U0Q3RzNZWFh4TFlyQ2QtR1RmWVI5alIyYnJqSUlVaXB2UmJuYl96U3FJQ3RGZDRQV3Brb1poTjNoM1FlQTA5ZDczZzFZYjcyVExyWjhaOUZ6c203WXJRZzU0TTk4Z1ZkNUNZWVJ3RGNJeWVSOVRZUDI1M3pSQ3dVOUowOGdwTGtPbUlTNDZnVDIzRTk1T0g3d1ZIUQ?oc=5\" target=\"_blank\" rel=\"noopener\">Caroline Garcia nage enfin dans le bonheur !<\/a>&nbsp;&nbsp;MSN<\/li>\n<\/ol>\n","protected":false},"excerpt":{"rendered":"Tennis. Port\u00e9e par la foule, la Lyonnaise Caroline Garcia s&rsquo;est mari\u00e9e en Espagne&nbsp;&nbsp;Le Progr\u00e8s Insolite, WTA &gt; Caroline&hellip;\n","protected":false},"author":2,"featured_media":261141,"comment_status":"","ping_status":"","sticky":false,"template":"","format":"standard","meta":{"footnotes":""},"categories":[1415],"tags":[2757,107,1011,27,2428,1930,40095,973,2799,2429,60,1467],"class_list":{"0":"post-261140","1":"post","2":"type-post","3":"status-publish","4":"format-standard","5":"has-post-thumbnail","7":"category-tennis","8":"tag-edition-lyon-villeurbanne","9":"tag-fil-info","10":"tag-fr","11":"tag-france","12":"tag-lyon","13":"tag-mariage","14":"tag-mariage-rhone","15":"tag-people","16":"tag-people-lyon","17":"tag-rhone","18":"tag-sports","19":"tag-tennis"},"share_on_mastodon":{"url":"https:\/\/pubeurope.com\/@fr\/114885761580928227","error":""},"_links":{"self":[{"href":"https:\/\/www.europesays.com\/fr\/wp-json\/wp\/v2\/posts\/261140","targetHints":{"allow":["GET"]}}],"collection":[{"href":"https:\/\/www.europesays.com\/fr\/wp-json\/wp\/v2\/posts"}],"about":[{"href":"https:\/\/www.europesays.com\/fr\/wp-json\/wp\/v2\/types\/post"}],"author":[{"embeddable":true,"href":"https:\/\/www.europesays.com\/fr\/wp-json\/wp\/v2\/users\/2"}],"replies":[{"embeddable":true,"href":"https:\/\/www.europesays.com\/fr\/wp-json\/wp\/v2\/comments?post=261140"}],"version-history":[{"count":0,"href":"https:\/\/www.europesays.com\/fr\/wp-json\/wp\/v2\/posts\/261140\/revisions"}],"wp:featuredmedia":[{"embeddable":true,"href":"https:\/\/www.europesays.com\/fr\/wp-json\/wp\/v2\/media\/261141"}],"wp:attachment":[{"href":"https:\/\/www.europesays.com\/fr\/wp-json\/wp\/v2\/media?parent=261140"}],"wp:term":[{"taxonomy":"category","embeddable":true,"href":"https:\/\/www.europesays.com\/fr\/wp-json\/wp\/v2\/categories?post=261140"},{"taxonomy":"post_tag","embeddable":true,"href":"https:\/\/www.europesays.com\/fr\/wp-json\/wp\/v2\/tags?post=261140"}],"curies":[{"name":"wp","href":"https:\/\/api.w.org\/{rel}","templated":true}]}}