{"id":261142,"date":"2025-07-20T13:20:10","date_gmt":"2025-07-20T13:20:10","guid":{"rendered":"https:\/\/www.europesays.com\/fr\/261142\/"},"modified":"2025-07-20T13:20:10","modified_gmt":"2025-07-20T13:20:10","slug":"gp-de-republique-tcheque-marc-marquez-signe-un-5e-succes-consecutif-et-senvole-au-classement","status":"publish","type":"post","link":"https:\/\/www.europesays.com\/fr\/261142\/","title":{"rendered":"GP de R\u00e9publique tch\u00e8que: Marc Marquez signe un 5e succ\u00e8s cons\u00e9cutif et s&rsquo;envole au classement"},"content":{"rendered":"<p class=\"ap-StoryElement ap-StoryElement--mb ap-StoryText\">L&rsquo;Italien Marco Bezzecchi (Aprilia) a pris le meilleur d\u00e9part, d\u00e9passant son compatriote Francesco Bagnaia (Ducati), parti en pole. Marc Marquez s&rsquo;est empar\u00e9 de la t\u00eate au huiti\u00e8me tour et ne l&rsquo;a plus l\u00e2ch\u00e9e.<\/p>\n<p class=\"ap-StoryElement ap-StoryElement--mb ap-StoryText\">Il s&rsquo;est impos\u00e9 devant Bezzecchi et l&rsquo;Espagnol Pedro Acosta (KTM). Bagnaia a pris la quatri\u00e8me place, devant l&rsquo;Espagnol Raul Fernandez (Trackhouse Aprilia). L&rsquo;Espagnol Jorge Martin (Aprilia) a pris la septi\u00e8me place pour son retour \u00e0 la comp\u00e9tition. Le champion du monde en titre revenait apr\u00e8s une longue convalescence entam\u00e9e \u00e0 la suite d&rsquo;une blessure survenue \u00e0 l&rsquo;entra\u00eenement avant le d\u00e9but de la saison. Cet incident l&rsquo;avait emp\u00each\u00e9 de participer aux trois premiers Grands Prix puis, lors de son retour au Qatar en avril, il s&rsquo;\u00e9tait de nouveau bless\u00e9.<\/p>\n","protected":false},"excerpt":{"rendered":"L&rsquo;Italien Marco Bezzecchi (Aprilia) a pris le meilleur d\u00e9part, d\u00e9passant son compatriote Francesco Bagnaia (Ducati), parti en pole.&hellip;\n","protected":false},"author":2,"featured_media":261143,"comment_status":"","ping_status":"","sticky":false,"template":"","format":"standard","meta":{"footnotes":""},"categories":[1413],"tags":[1011,27,1457,1456,1458,60],"class_list":{"0":"post-261142","1":"post","2":"type-post","3":"status-publish","4":"format-standard","5":"has-post-thumbnail","7":"category-moto","8":"tag-fr","9":"tag-france","10":"tag-moto","11":"tag-motocycle","12":"tag-motogp","13":"tag-sports"},"share_on_mastodon":{"url":"https:\/\/pubeurope.com\/@fr\/114885769664617063","error":""},"_links":{"self":[{"href":"https:\/\/www.europesays.com\/fr\/wp-json\/wp\/v2\/posts\/261142","targetHints":{"allow":["GET"]}}],"collection":[{"href":"https:\/\/www.europesays.com\/fr\/wp-json\/wp\/v2\/posts"}],"about":[{"href":"https:\/\/www.europesays.com\/fr\/wp-json\/wp\/v2\/types\/post"}],"author":[{"embeddable":true,"href":"https:\/\/www.europesays.com\/fr\/wp-json\/wp\/v2\/users\/2"}],"replies":[{"embeddable":true,"href":"https:\/\/www.europesays.com\/fr\/wp-json\/wp\/v2\/comments?post=261142"}],"version-history":[{"count":0,"href":"https:\/\/www.europesays.com\/fr\/wp-json\/wp\/v2\/posts\/261142\/revisions"}],"wp:featuredmedia":[{"embeddable":true,"href":"https:\/\/www.europesays.com\/fr\/wp-json\/wp\/v2\/media\/261143"}],"wp:attachment":[{"href":"https:\/\/www.europesays.com\/fr\/wp-json\/wp\/v2\/media?parent=261142"}],"wp:term":[{"taxonomy":"category","embeddable":true,"href":"https:\/\/www.europesays.com\/fr\/wp-json\/wp\/v2\/categories?post=261142"},{"taxonomy":"post_tag","embeddable":true,"href":"https:\/\/www.europesays.com\/fr\/wp-json\/wp\/v2\/tags?post=261142"}],"curies":[{"name":"wp","href":"https:\/\/api.w.org\/{rel}","templated":true}]}}