{"id":261152,"date":"2025-07-20T13:25:20","date_gmt":"2025-07-20T13:25:20","guid":{"rendered":"https:\/\/www.europesays.com\/fr\/261152\/"},"modified":"2025-07-20T13:25:20","modified_gmt":"2025-07-20T13:25:20","slug":"la-banane-scotchee-de-cattelan-mangee-au-centre-pompidou-metz","status":"publish","type":"post","link":"https:\/\/www.europesays.com\/fr\/261152\/","title":{"rendered":"La banane scotch\u00e9e de Cattelan mang\u00e9e au Centre Pompidou Metz"},"content":{"rendered":"<p class=\"editor-content__paragraph\">Attisant de toute \u00e9vidence les convoitises, <strong>le fruit le plus cher du monde<\/strong> a de nouveau \u00e9t\u00e9 mang\u00e9\u00a0!\u00a0La fameuse et tr\u00e8s d\u00e9cri\u00e9e banane scotch\u00e9e de <a href=\"https:\/\/www.beauxarts.com\/grand-format\/a-metz-maurizio-cattelan-dialogue-avec-400-oeuvres-du-centre-pompidou-dans-une-grande-expo-qui-durera-deux-ans\/\" target=\"_blank\" rel=\"noopener\"><strong>Maurizio Cattelan<\/strong><\/a>, Comedian (2019), dont <a href=\"https:\/\/www.beauxarts.com\/grand-format\/62-millions-de-dollars-pourquoi-la-banane-scotchee-de-cattelan-explose-les-encheres\/\" target=\"_blank\" rel=\"noopener\">un exemplaire a \u00e9t\u00e9 acquis 6,2\u00a0millions d\u2019euros en 2024<\/a>, a en effet \u00e9t\u00e9 <strong>d\u00e9vor\u00e9e samedi 12\u00a0juillet par un visiteur<\/strong>, cette fois au sein de <strong>la<a href=\"https:\/\/www.beauxarts.com\/grand-format\/a-metz-maurizio-cattelan-dialogue-avec-400-oeuvres-du-centre-pompidou-dans-une-grande-expo-qui-durera-deux-ans\/\" target=\"_blank\" rel=\"noopener\"> grande exposition \u00ab\u00a0Dimanche sans fin\u00a0\u00bb<\/a><\/strong> pr\u00e9sent\u00e9e au Centre Pompidou Metz \u2013 un parcours qui fait dialoguer jusqu\u2019au 2\u00a0f\u00e9vrier 2027\u00a0une quarantaine d\u2019\u0153uvres de l\u2019artiste italien avec <strong>400\u00a0pi\u00e8ces issues des collections de Beaubourg.<\/strong><\/p>\n<p class=\"editor-content__paragraph\">\u00ab\u00a0L\u2019\u00e9quipe de surveillance est intervenue rapidement et avec calme, conform\u00e9ment aux proc\u00e9dures internes\u00a0\u00bb a indiqu\u00e9 le mus\u00e9e \u00e0 l\u2019AFP. L\u2019\u0153uvre consistant en une<strong> v\u00e9ritable banane fix\u00e9e \u00e0 un mur blanc<\/strong> par un morceau de scotch gris \u2013 un fruit p\u00e9rissable qui est donc de toute fa\u00e7on <strong>r\u00e9guli\u00e8rement remplac\u00e9<\/strong> selon un protocole d\u00e9fini par l\u2019artiste \u2013, <strong>elle a pu \u00eatre \u00ab\u00a0r\u00e9install\u00e9e dans les minutes qui ont suivi\u00a0\u00bb<\/strong> l\u2019incident, qui \u00ab\u00a0n\u2019a en rien alt\u00e9r\u00e9 son int\u00e9grit\u00e9 ni le bon d\u00e9roulement de l\u2019exposition\u00a0\u00bb pr\u00e9cise l\u2019\u00e9tablissement.<strong> Aucune plainte n\u2019a donc \u00e9t\u00e9 d\u00e9pos\u00e9e.<\/strong><\/p>\n<p>        \u00c0 lire aussi :<br \/>\n        <a class=\"renvoi-explicite__link\" href=\"https:\/\/www.beauxarts.com\/grand-format\/a-metz-maurizio-cattelan-dialogue-avec-400-oeuvres-du-centre-pompidou-dans-une-grande-expo-qui-durera-deux-ans\/\" target=\"_blank\" rel=\"noopener\">\u00c0 Metz, Maurizio Cattelan dialogue avec 400 \u0153uvres du Centre Pompidou dans une grande expo qui durera deux ans<\/a><\/p>\n<p>Un en-cas cher pay\u00e9<\/p>\n<p class=\"editor-content__paragraph\">Le visiteur a-t-il ainsi voulu <strong>protester \u00e0 travers son acte\u00a0? <\/strong>L\u2019\u0153uvre provocante suscite de nombreuses critiques, notamment en raison de son prix mirobolant jug\u00e9 ind\u00e9cent \u00e0 l\u2019heure ou des millions de personnes souffrent de la faim dans le monde. Maurizio Cattelan <strong>a regrett\u00e9 que ce trublion \u00ab\u00a0confonde le fruit avec l\u2019\u0153uvre elle-m\u00eame\u00a0\u00bb.<\/strong> \u00ab\u00a0Plut\u00f4t que de manger la banane avec sa peau et son scotch, le visiteur s\u2019est content\u00e9 de consommer le fruit\u00a0\u00bb, a-t-il <strong>remarqu\u00e9 avec humour<\/strong>, cit\u00e9 dans un communiqu\u00e9 du mus\u00e9e. Une fa\u00e7on pour lui de rappeler que ce n\u2019est pas la banane elle-m\u00eame \u00e0 laquelle on attribue une si grande valeur, mais \u00e0<strong> son geste (tr\u00e8s duchampien)<\/strong> consistant \u00e0 la pr\u00e9senter de cette fa\u00e7on \u2013 une d\u00e9marche qui interroge et d\u00e9mystifie par <strong>l\u2019absurde le statut et la valeur de l\u2019\u0153uvre d\u2019art.<\/strong><\/p>\n<p>        \u00c0 lire aussi :<br \/>\n        <a class=\"renvoi-explicite__link\" href=\"https:\/\/www.beauxarts.com\/grand-format\/62-millions-de-dollars-pourquoi-la-banane-scotchee-de-cattelan-explose-les-encheres\/\" target=\"_blank\" rel=\"noopener\">6,2 millions de dollars : pourquoi la banane scotch\u00e9e de Cattelan explose les ench\u00e8res<\/a><\/p>\n<p>    <img loading=\"lazy\" decoding=\"async\" class=\"image__img\" src=\"https:\/\/www.europesays.com\/fr\/wp-content\/uploads\/2025\/07\/merlin_165592185_0d22ab10-a1c6-44ca-8a3c-4ccf6e334f09-superjumbo-964x643.jpg\" alt=\"David Datuna mangeant la \u00ab\u00a0Banane\u00a0\u00bb de Maurizio Cattelan \u00e0 Art Basel en 2019\" width=\"964\" height=\"643\"\/><\/p>\n<p>David Datuna mangeant la \u00ab\u00a0Banane\u00a0\u00bb de Maurizio Cattelan \u00e0 Art Basel en 2019<\/p>\n<p>    i<\/p>\n<p class=\"editor-content__paragraph\">L\u2019artiste commence \u00e0 \u00eatre habitu\u00e9 \u00e0 ce que son irr\u00e9sistible fruit se fasse engloutir de fa\u00e7on intempestive. La c\u00e9l\u00e8bre banane avait en effet \u00e9t\u00e9 d\u00e9gust\u00e9e <strong>d\u00e8s sa premi\u00e8re exposition <\/strong>sur le stand de la galerie Perrotin \u00e0<strong> la foire Art Basel Miami Beach en 2019,<\/strong> par l\u2019artiste am\u00e9ricain d\u2019origine g\u00e9orgienne <strong>David Datuna<\/strong>, \u00e0 l\u2019occasion d\u2019une <strong>performance intitul\u00e9e Hungry Artist<\/strong>, qui entendait d\u00e9noncer son prix d\u2019achat (d\u00e9j\u00e0 jug\u00e9 mirobolant \u00e0 l\u2019\u00e9poque) de 120\u00a0000\u00a0dollars.<\/p>\n<p class=\"editor-content__paragraph\">Elle avait \u00e9t\u00e9 <a href=\"https:\/\/www.beauxarts.com\/grand-format\/un-etudiant-coreen-mange-la-banane-de-maurizio-cattelan\/\" target=\"_blank\" rel=\"noopener\">une seconde fois <strong>mang\u00e9e en 2023\u00a0par un \u00e9tudiant cor\u00e9en<\/strong><\/a> lors d\u2019une exposition temporaire \u00e0 S\u00e9oul, puis <strong>une troisi\u00e8me fois par le collectionneur sino-am\u00e9ricain Justin Sun<\/strong>, qui l\u2019avait consomm\u00e9e devant les cam\u00e9ras du monde entier apr\u00e8s l\u2019avoir achet\u00e9e pour la somme astronomique de<strong> 6,2\u00a0millions de dollars<\/strong> chez Sotheby\u2019s New York en novembre 2024. <strong>Un en-cas cher pay\u00e9<\/strong> qui restera, une chose est s\u00fbre, dans les annales de l\u2019histoire de l\u2019art\u00a0!<\/p>\n<p>        \u00c0 lire aussi :<br \/>\n        <a class=\"renvoi-explicite__link\" href=\"https:\/\/www.beauxarts.com\/grand-format\/devant-le-juge-maurizio-cattelan-nie-avoir-plagie-sa-banane-scotchee\/\" target=\"_blank\" rel=\"noopener\">Devant le juge, Maurizio Cattelan nie avoir plagi\u00e9 sa banane scotch\u00e9e<\/a><\/p>\n","protected":false},"excerpt":{"rendered":"Attisant de toute \u00e9vidence les convoitises, le fruit le plus cher du monde a de nouveau \u00e9t\u00e9 mang\u00e9\u00a0!\u00a0La&hellip;\n","protected":false},"author":2,"featured_media":261153,"comment_status":"","ping_status":"","sticky":false,"template":"","format":"standard","meta":{"footnotes":""},"categories":[1358],"tags":[1396,1348,1384,1385,32827,1386,58,59,1011,27,8093,23256],"class_list":{"0":"post-261152","1":"post","2":"type-post","3":"status-publish","4":"format-standard","5":"has-post-thumbnail","7":"category-arts-et-design","8":"tag-art-contemporain","9":"tag-arts","10":"tag-arts-and-design","11":"tag-arts-et-design","12":"tag-centre-pompidou-metz","13":"tag-design","14":"tag-divertissement","15":"tag-entertainment","16":"tag-fr","17":"tag-france","18":"tag-installation","19":"tag-maurizio-cattelan"},"share_on_mastodon":{"url":"https:\/\/pubeurope.com\/@fr\/114885789234786606","error":""},"_links":{"self":[{"href":"https:\/\/www.europesays.com\/fr\/wp-json\/wp\/v2\/posts\/261152","targetHints":{"allow":["GET"]}}],"collection":[{"href":"https:\/\/www.europesays.com\/fr\/wp-json\/wp\/v2\/posts"}],"about":[{"href":"https:\/\/www.europesays.com\/fr\/wp-json\/wp\/v2\/types\/post"}],"author":[{"embeddable":true,"href":"https:\/\/www.europesays.com\/fr\/wp-json\/wp\/v2\/users\/2"}],"replies":[{"embeddable":true,"href":"https:\/\/www.europesays.com\/fr\/wp-json\/wp\/v2\/comments?post=261152"}],"version-history":[{"count":0,"href":"https:\/\/www.europesays.com\/fr\/wp-json\/wp\/v2\/posts\/261152\/revisions"}],"wp:featuredmedia":[{"embeddable":true,"href":"https:\/\/www.europesays.com\/fr\/wp-json\/wp\/v2\/media\/261153"}],"wp:attachment":[{"href":"https:\/\/www.europesays.com\/fr\/wp-json\/wp\/v2\/media?parent=261152"}],"wp:term":[{"taxonomy":"category","embeddable":true,"href":"https:\/\/www.europesays.com\/fr\/wp-json\/wp\/v2\/categories?post=261152"},{"taxonomy":"post_tag","embeddable":true,"href":"https:\/\/www.europesays.com\/fr\/wp-json\/wp\/v2\/tags?post=261152"}],"curies":[{"name":"wp","href":"https:\/\/api.w.org\/{rel}","templated":true}]}}