{"id":261154,"date":"2025-07-20T13:26:34","date_gmt":"2025-07-20T13:26:34","guid":{"rendered":"https:\/\/www.europesays.com\/fr\/261154\/"},"modified":"2025-07-20T13:26:34","modified_gmt":"2025-07-20T13:26:34","slug":"trois-lectrices-nous-confient-pourquoi-le-livre-multi-prime-dadele-yon-les-a-tant-remuees","status":"publish","type":"post","link":"https:\/\/www.europesays.com\/fr\/261154\/","title":{"rendered":"trois lectrices nous confient pourquoi le livre multi-prim\u00e9 d&rsquo;Ad\u00e8le Yon les a tant remu\u00e9es"},"content":{"rendered":"<p><b>Paru le 6 f\u00e9vrier 2025 aux \u00c9ditions du Sous-sol, le r\u00e9cit familial \u00ab Mon vrai nom est Elisabeth \u00bb d\u2019Ad\u00e8le Yon caracole en t\u00eate des ventes. Un succ\u00e8s amplement m\u00e9rit\u00e9 selon trois lectrices qui ont accept\u00e9 de nous confier pourquoi cet ouvrage les a tant touch\u00e9es.<\/b><\/p>\n<p>Dans la famille d\u2019<a href=\"https:\/\/www.femina.fr\/article\/mon-vrai-nom-est-elisabeth-3-choses-a-savoir-sur-la-jeune-autrice-adele-yon#xtor=AL-34\" rel=\"nofollow noopener\" target=\"_blank\" data-ylk=\"slk:Ad\u00e8le Yon;elm:context_link;itc:0;sec:content-canvas\" class=\"link \">Ad\u00e8le Yon<\/a>, il y a un sujet tabou. Un sujet qui en f\u00e2che certains d\u2019ailleurs, tandis que d\u2019autres disent ne pas savoir vraiment de quoi il retourne quand on les interroge. Elisabeth, dite Betsy, \u00e9tait l\u2019arri\u00e8re-grand-m\u00e8re de l\u2019autrice qu\u2019elle n\u2019a jamais connue. Pourtant, v\u00e9ritable trauma g\u00e9n\u00e9rationnel, son surnom et sa r\u00e9putation ont marqu\u00e9 toutes les femmes du clan, sur qui on a fait planer une menace : trop col\u00e9riques, trop ind\u00e9pendantes, trop curieuses, et si elles \u00e9taient tout simplement \u00ab folles comme Betsy \u00bb ? Diagnostiqu\u00e9e <a href=\"https:\/\/www.femina.fr\/article\/schizophrenie-un-psychiatre-demonte-les-idees-recues#xtor=AL-34\" rel=\"nofollow noopener\" target=\"_blank\" data-ylk=\"slk:schizophr\u00e8ne;elm:context_link;itc:0;sec:content-canvas\" class=\"link \">schizophr\u00e8ne<\/a>, cette m\u00e8re de six enfants, dont la majorit\u00e9 non d\u00e9sir\u00e9s, passera pr\u00e8s de vingt ans de sa vie en h\u00f4pital psychiatrique, intern\u00e9e de force par son mari Andr\u00e9 qui avait aussi convaincu des psychochirurgiens, avec l\u2019aide de son beau-p\u00e8re, de lui faire subir une lobotomie. Le but : faire d\u2019elle une bonne \u00e9pouse, aimante et qui ne fait pas de vagues, comme le veut leur milieu bourgeois et la soci\u00e9t\u00e9 patriarcale.<\/p>\n<p>Alors, au tout d\u00e9but d\u2019une enqu\u00eate personnelle et familiale qui durera quatre ans, Ad\u00e8le Yon met un coup de pied dans la fourmili\u00e8re : elle interroge ses proches, \u00e0 commencer par sa grand-m\u00e8re, la fille a\u00een\u00e9e de Betsy, fouille dans les archives des \u00e9tablissements de sant\u00e9, se plonge dans la correspondance d\u2019Andr\u00e9 et sa fianc\u00e9e, qu\u2019il tente d\u00e9j\u00e0 de formater avant m\u00eame leur union au d\u00e9but des ann\u00e9es 40. M\u00ealant la retranscription&#8230;<\/p>\n<p><a href=\"https:\/\/www.femina.fr\/article\/mon-vrai-nom-est-elisabeth-trois-lectrices-nous-confient-pourquoi-le-livre-multi-prime-d-adele-yon-les-a-tant-remuees#xtor=AL-34\" rel=\"nofollow noopener\" target=\"_blank\" data-ylk=\"slk:Lire la suite sur Femina.fr;elm:context_link;itc:0;sec:content-canvas\" class=\"link \">Lire la suite sur Femina.fr<\/a><\/p>\n<p>A lire aussi<\/p>\n","protected":false},"excerpt":{"rendered":"Paru le 6 f\u00e9vrier 2025 aux \u00c9ditions du Sous-sol, le r\u00e9cit familial \u00ab Mon vrai nom est Elisabeth&hellip;\n","protected":false},"author":2,"featured_media":261155,"comment_status":"","ping_status":"","sticky":false,"template":"","format":"standard","meta":{"footnotes":""},"categories":[1357],"tags":[1379,58,34278,59,1011,27,1380,40096,9693],"class_list":{"0":"post-261154","1":"post","2":"type-post","3":"status-publish","4":"format-standard","5":"has-post-thumbnail","7":"category-livres","8":"tag-books","9":"tag-divertissement","10":"tag-elisabeth","11":"tag-entertainment","12":"tag-fr","13":"tag-france","14":"tag-livres","15":"tag-vrai-nom","16":"tag-yon"},"share_on_mastodon":{"url":"https:\/\/pubeurope.com\/@fr\/114885793165037521","error":""},"_links":{"self":[{"href":"https:\/\/www.europesays.com\/fr\/wp-json\/wp\/v2\/posts\/261154","targetHints":{"allow":["GET"]}}],"collection":[{"href":"https:\/\/www.europesays.com\/fr\/wp-json\/wp\/v2\/posts"}],"about":[{"href":"https:\/\/www.europesays.com\/fr\/wp-json\/wp\/v2\/types\/post"}],"author":[{"embeddable":true,"href":"https:\/\/www.europesays.com\/fr\/wp-json\/wp\/v2\/users\/2"}],"replies":[{"embeddable":true,"href":"https:\/\/www.europesays.com\/fr\/wp-json\/wp\/v2\/comments?post=261154"}],"version-history":[{"count":0,"href":"https:\/\/www.europesays.com\/fr\/wp-json\/wp\/v2\/posts\/261154\/revisions"}],"wp:featuredmedia":[{"embeddable":true,"href":"https:\/\/www.europesays.com\/fr\/wp-json\/wp\/v2\/media\/261155"}],"wp:attachment":[{"href":"https:\/\/www.europesays.com\/fr\/wp-json\/wp\/v2\/media?parent=261154"}],"wp:term":[{"taxonomy":"category","embeddable":true,"href":"https:\/\/www.europesays.com\/fr\/wp-json\/wp\/v2\/categories?post=261154"},{"taxonomy":"post_tag","embeddable":true,"href":"https:\/\/www.europesays.com\/fr\/wp-json\/wp\/v2\/tags?post=261154"}],"curies":[{"name":"wp","href":"https:\/\/api.w.org\/{rel}","templated":true}]}}