{"id":261156,"date":"2025-07-20T13:27:24","date_gmt":"2025-07-20T13:27:24","guid":{"rendered":"https:\/\/www.europesays.com\/fr\/261156\/"},"modified":"2025-07-20T13:27:24","modified_gmt":"2025-07-20T13:27:24","slug":"ce-nouveau-spin-off-de-yellowstone-marque-un-grand-changement-dans-lhistoire-de-la-franchise","status":"publish","type":"post","link":"https:\/\/www.europesays.com\/fr\/261156\/","title":{"rendered":"Ce nouveau spin-off de Yellowstone marque un grand changement dans l&rsquo;histoire de la franchise"},"content":{"rendered":"<p>Pas moins de quatre spin-off de Yellowstone vont voir le jour prochainement sur nos \u00e9crans. Mais celui qui est consacr\u00e9 \u00e0 l&rsquo;histoire de Kayce Dutton, le plus jeune fils de John et Evelyn Dutton, marquera un tournant majeur dans l&rsquo;histoire de la franchise, qui compte d\u00e9j\u00e0 deux s\u00e9ries d\u00e9riv\u00e9es.<\/p>\n<p>Suite au succ\u00e8s fulgurant de Yellowstone et de ses deux premiers spin-off 1883 et <a href=\"https:\/\/www.programme-tv.net\/news\/series-tv\/383256-1923-ou-voir-la-saison-2-avant-sa-sortie-sur-netflix\/\" data-api-deeplink=\"teleloisirs:\/\/news\/383256\" target=\"_blank\" rel=\"noopener\">1923<\/a>, disponibles sur <a href=\"https:\/\/www.programme-tv.net\/guide-netflix\/\" target=\"_blank\" rel=\"noopener\">Netflix<\/a>, le cr\u00e9ateur Taylor Sheridan ne comptait pas s&rsquo;arr\u00eater l\u00e0. Celui qui est aussi \u00e0 l&rsquo;origine de s\u00e9ries comme <a href=\"https:\/\/www.programme-tv.net\/news\/series-tv\/373705-apres-yellowstone-cette-serie-dans-la-meme-veine-est-a-decouvrir-d-urgence\/\" data-api-deeplink=\"teleloisirs:\/\/news\/373705\" target=\"_blank\" rel=\"noopener\">Landman <\/a>et Op\u00e9rations sp\u00e9ciales : Lioness a<a href=\"https:\/\/www.programme-tv.net\/news\/series-tv\/375466-yellowstone-le-point-sur-les-spin-off-de-la-serie\/\" data-api-deeplink=\"teleloisirs:\/\/news\/375466\" target=\"_blank\" rel=\"noopener\"> imagin\u00e9 d&rsquo;autres s\u00e9ries d\u00e9riv\u00e9es de Yellowstone<\/a>, parmi lesquelles figurent <a href=\"https:\/\/www.programme-tv.net\/news\/series-tv\/378227-yellowstone-ce-qu-on-le-sait-sur-the-madison-le-nouveau-spin-off-de-la-serie\/\" data-api-deeplink=\"teleloisirs:\/\/news\/378227\" target=\"_blank\" rel=\"noopener\">The Madison avec Michelle Pfeiffer<\/a>, <a href=\"https:\/\/www.programme-tv.net\/news\/series-tv\/378809-yellowstone-les-premieres-infos-sur-la-serie-derivee-sur-beth-et-rip\/\" data-api-deeplink=\"teleloisirs:\/\/news\/378809\" target=\"_blank\" rel=\"noopener\">une s\u00e9rie consacr\u00e9e au couple form\u00e9 par Rip Wheeler et Beth Dutton<\/a> ou encore <b>Y : Marshals<\/b><b> avec Luke Grimes<\/b>. Attendue pour 2026 sur la cha\u00eene am\u00e9ricaine CBS,<a href=\"https:\/\/www.programme-tv.net\/news\/series-tv\/382329-yellowstone-ca-va-etre-bizarre-ces-revelations-de-luke-grimes-sur-le-spin-off-sur-kayce-vont-faire-plaisir-aux-fans\/\" data-api-deeplink=\"teleloisirs:\/\/news\/382329\" target=\"_blank\" rel=\"noopener\"> la fiction centr\u00e9e sur Kayce Dutton<\/a> le suivra peu apr\u00e8s son arriv\u00e9e au sein d&rsquo;une unit\u00e9 d&rsquo;\u00e9lite des U.S. Marshals dans le Montana. Sur place, le fils de John et Evelyn Dutton mettra \u00e0 profit ses comp\u00e9tences de cow-boy et de Navy SEAL pour lutter contre la criminalit\u00e9. Lui et ses co\u00e9quipiers doivent trouver un \u00e9quilibre entre leur famille, leur devoir et le co\u00fbt psychologique \u00e9lev\u00e9 li\u00e9 \u00e0 leur r\u00f4le de derni\u00e8re ligne de d\u00e9fense dans la guerre contre la violence qui fait rage dans la r\u00e9gion.<\/p>\n<p>                        <b>Yellowstone <\/b><b>: le spin-off sur Kayce Dutton marque un changement majeur dans l&rsquo;histoire de la franchise <\/b><\/p>\n<p>Le spin-off de Yellowstone centr\u00e9 sur Kayce Dutton marquera un changement dans l&rsquo;histoire de la franchise, puisque Taylor Sheridan ne participera pas \u00e0 l&rsquo;\u00e9criture des \u00e9pisodes de la s\u00e9rie comme il l&rsquo;a fait pour ses pr\u00e9c\u00e9dentes s\u00e9ries ainsi que pour Yellowstone et ses deux premiers spin-offs, 1883 et 1923. Exit Taylor Sheridan, la cha\u00eene am\u00e9ricaine CBS a recrut\u00e9 Spencer Hudnut, ancien showrunner de la s\u00e9rie SEAL Team, pour s&rsquo;occuper de l&rsquo;\u00e9criture de Y : Marshals. Bien qu&rsquo;il ne participe pas \u00e0 l&rsquo;\u00e9criture de la s\u00e9rie, le cr\u00e9ateur de Yellowstone reste tout de m\u00eame attach\u00e9 \u00e0 la production du prochain spin-off du western en tant que producteur ex\u00e9cutif.<\/p>\n<p>            <b>Yellowstone <\/b><b>: le casting du spin-off sur Kayce Dutton reste encore flou<\/b><\/p>\n<p>Comme vous pouvez vous en douter, Y : Marshals comptera sur la pr\u00e9sence de Luke Grimes, qui reprendra bien \u00e9videmment son r\u00f4le de Kayce Dutton. Kelsey Asbille et Brecken Merrill, les interpr\u00e8tes de Monica et Tate Dutton, n&rsquo;ont pour le moment pas \u00e9t\u00e9 annonc\u00e9s au casting de la s\u00e9rie, dont le tournage d\u00e9marre cet \u00e9t\u00e9.<\/p>\n<p>Article \u00e9crit en collaboration avec 6M\u00e9dias<\/p>\n","protected":false},"excerpt":{"rendered":"Pas moins de quatre spin-off de Yellowstone vont voir le jour prochainement sur nos \u00e9crans. Mais celui qui&hellip;\n","protected":false},"author":2,"featured_media":261157,"comment_status":"","ping_status":"","sticky":false,"template":"","format":"standard","meta":{"footnotes":""},"categories":[1356],"tags":[244,58,59,1011,27,19779,127,1722,4496,129,252,1364,4497],"class_list":{"0":"post-261156","1":"post","2":"type-post","3":"status-publish","4":"format-standard","5":"has-post-thumbnail","7":"category-television","8":"tag-commentaire","9":"tag-divertissement","10":"tag-entertainment","11":"tag-fr","12":"tag-france","13":"tag-luke-grimes","14":"tag-netflix","15":"tag-pub-streaming-netflix","16":"tag-superstream","17":"tag-svod","18":"tag-television","19":"tag-tv","20":"tag-yellowstone"},"share_on_mastodon":{"url":"https:\/\/pubeurope.com\/@fr\/114885797042203932","error":""},"_links":{"self":[{"href":"https:\/\/www.europesays.com\/fr\/wp-json\/wp\/v2\/posts\/261156","targetHints":{"allow":["GET"]}}],"collection":[{"href":"https:\/\/www.europesays.com\/fr\/wp-json\/wp\/v2\/posts"}],"about":[{"href":"https:\/\/www.europesays.com\/fr\/wp-json\/wp\/v2\/types\/post"}],"author":[{"embeddable":true,"href":"https:\/\/www.europesays.com\/fr\/wp-json\/wp\/v2\/users\/2"}],"replies":[{"embeddable":true,"href":"https:\/\/www.europesays.com\/fr\/wp-json\/wp\/v2\/comments?post=261156"}],"version-history":[{"count":0,"href":"https:\/\/www.europesays.com\/fr\/wp-json\/wp\/v2\/posts\/261156\/revisions"}],"wp:featuredmedia":[{"embeddable":true,"href":"https:\/\/www.europesays.com\/fr\/wp-json\/wp\/v2\/media\/261157"}],"wp:attachment":[{"href":"https:\/\/www.europesays.com\/fr\/wp-json\/wp\/v2\/media?parent=261156"}],"wp:term":[{"taxonomy":"category","embeddable":true,"href":"https:\/\/www.europesays.com\/fr\/wp-json\/wp\/v2\/categories?post=261156"},{"taxonomy":"post_tag","embeddable":true,"href":"https:\/\/www.europesays.com\/fr\/wp-json\/wp\/v2\/tags?post=261156"}],"curies":[{"name":"wp","href":"https:\/\/api.w.org\/{rel}","templated":true}]}}