{"id":261158,"date":"2025-07-20T13:28:10","date_gmt":"2025-07-20T13:28:10","guid":{"rendered":"https:\/\/www.europesays.com\/fr\/261158\/"},"modified":"2025-07-20T13:28:10","modified_gmt":"2025-07-20T13:28:10","slug":"paris-jackson-mecontente-de-la-gestion-du-patrimoine-de-son-pere-michael-jackson","status":"publish","type":"post","link":"https:\/\/www.europesays.com\/fr\/261158\/","title":{"rendered":"Paris Jackson m\u00e9contente de la gestion du patrimoine de son p\u00e8re Michael Jackson"},"content":{"rendered":"<p>Paris Jackson s\u2019interroge sur la gestion du patrimoine de son p\u00e8re. La <a href=\"https:\/\/www.20minutes.fr\/arts-stars\/people\/3064083-20210617-paris-jackson-deballe-tout-pere-michael-famille-mere-debbie-rowe\" target=\"_blank\" class=\"color-ultramarine c-link\" rel=\"nofollow noopener\">fille de Michael Jackson<\/a>, \u00e2g\u00e9e de 27 ans, a d\u00e9pos\u00e9 une requ\u00eate le 24\u00a0juin dernier contestant les \u00ab\u00a0bonus premium\u00a0\u00bb accord\u00e9s \u00e0 des cabinets d\u2019avocats en\u00a02018 pour du \u00ab\u00a0temps de travail juridique non enregistr\u00e9\u00a0\u00bb.<\/p>\n<p>Elle s\u2019est dite \u00ab\u00a0pr\u00e9occup\u00e9e\u00a0\u00bb par cette pratique consistant \u00e0 verser des \u00ab\u00a0gratifications somptueuses\u00a0\u00bb \u00e0 des \u00ab\u00a0conseils d\u00e9j\u00e0 bien r\u00e9mun\u00e9r\u00e9s\u00a0\u00bb sans d\u00e9tailler pr\u00e9cis\u00e9ment les prestations effectu\u00e9es.<\/p>\n<p>Les ex\u00e9cuteurs testamentaires avaient demand\u00e9 l\u2019approbation pour 625.000 dollars de paiements \u00e0 trois cabinets d\u2019avocats lors de la vente de la part EMI des droits de Michael Jackson \u00e0 Sony en\u00a02018. Dans les documents judiciaires obtenus par <a href=\"https:\/\/people.com\/michael-jackson-estate-files-response-to-paris-jackson-questioning-of-payouts-11772296\" rel=\"nofollow noopener\" target=\"_blank\" class=\"color-ultramarine c-link\">People<\/a>, Paris Jackson d\u00e9nonce des sommes qu\u2019elle estime correspondre \u00e0 du temps de travail non effectu\u00e9, pointant du doigt l\u2019opacit\u00e9 des factures.<\/p>\n<p>La d\u00e9fense du patrimoine<\/p>\n<p>Le <a href=\"https:\/\/www.20minutes.fr\/arts-stars\/people\/4083610-20240327-mere-michael-jackson-trouve-gestionnaires-heritage-fils-peu-radins\" target=\"_blank\" class=\"color-ultramarine c-link\" rel=\"nofollow noopener\">gestionnaire de patrimoine<\/a> de Michael Jackson a r\u00e9pondu \u00e0 sa requ\u00eate devant le tribunal le 15\u00a0juillet dernier. Il a affirm\u00e9 que les avocats avaient \u00e9t\u00e9 r\u00e9mun\u00e9r\u00e9s en fonction de leur \u00ab\u00a0exp\u00e9rience, comp\u00e9tences de n\u00e9gociation, relations et connaissance des secteurs du divertissement et de l\u2019\u00e9dition musicale internationale\u00a0\u00bb. Les int\u00e9ress\u00e9s soulignent que ces avocats \u00ab\u00a0ont \u00e9t\u00e9 d\u00e9terminants pour aider les ex\u00e9cuteurs \u00e0 obtenir des r\u00e9sultats sans pr\u00e9c\u00e9dent dans la vente de ce patrimoine, notamment le retour de plus de 287\u00a0millions de dollars sur les droits EMI\u00a0\u00bb.<\/p>\n<p>Le patrimoine pr\u00e9cise qu\u2019il n\u2019est \u00ab\u00a0pas inhabituel et en fait assez courant, dans le secteur du divertissement\/musique, que des avocats avec ce niveau de comp\u00e9tences re\u00e7oivent une r\u00e9mun\u00e9ration bonus en plus de leur tarif horaire\u00a0\u00bb.<\/p>\n<p>A <a href=\"https:\/\/www.20minutes.fr\/arts-stars\/culture\/3252187-20220325-20-minutes-20-ans-souvenez-25-juin-2009-michael-jackson-mort\" target=\"_blank\" class=\"color-ultramarine c-link\" rel=\"nofollow noopener\">sa mort en\u00a02009<\/a>, Michael Jackson avait laiss\u00e9 des comptes en piteux \u00e9tat, avec <a href=\"https:\/\/www.20minutes.fr\/arts-stars\/people\/4098708-20240628-michael-jackson-accumule-500-millions-dollars-dettes-mort\" target=\"_blank\" class=\"color-ultramarine c-link\" rel=\"nofollow noopener\">une dette personnelle<\/a> estim\u00e9e \u00e0 l\u2019\u00e9poque \u00e0 plus de 500\u00a0millions de dollars. En\u00a02025, le patrimoine laiss\u00e9 par l\u2019artiste n\u2019est plus du tout dans le rouge et est \u00e9valu\u00e9 \u00e0 2\u00a0milliards de dollars comme <a href=\"https:\/\/people.com\/michael-jackson-was-over-usd500-million-in-debt-at-time-of-death-new-court-documents-reveal-8670327\" rel=\"nofollow noopener\" target=\"_blank\" class=\"color-ultramarine c-link\">le notait<\/a> r\u00e9cemment People.<\/p>\n","protected":false},"excerpt":{"rendered":"Paris Jackson s\u2019interroge sur la gestion du patrimoine de son p\u00e8re. La fille de Michael Jackson, \u00e2g\u00e9e de&hellip;\n","protected":false},"author":2,"featured_media":261159,"comment_status":"","ping_status":"","sticky":false,"template":"","format":"standard","meta":{"footnotes":""},"categories":[1355],"tags":[1261,58,40097,59,1011,27,2861,11632,35268,1361,873,2551,973,8209,133],"class_list":{"0":"post-261158","1":"post","2":"type-post","3":"status-publish","4":"format-standard","5":"has-post-thumbnail","7":"category-musique","8":"tag-argent","9":"tag-divertissement","10":"tag-emi","11":"tag-entertainment","12":"tag-fr","13":"tag-france","14":"tag-gestion","15":"tag-heritage","16":"tag-michael-jackson","17":"tag-music","18":"tag-musique","19":"tag-patrimoine","20":"tag-people","21":"tag-sony","22":"tag-video"},"share_on_mastodon":{"url":"https:\/\/pubeurope.com\/@fr\/114885800986780412","error":""},"_links":{"self":[{"href":"https:\/\/www.europesays.com\/fr\/wp-json\/wp\/v2\/posts\/261158","targetHints":{"allow":["GET"]}}],"collection":[{"href":"https:\/\/www.europesays.com\/fr\/wp-json\/wp\/v2\/posts"}],"about":[{"href":"https:\/\/www.europesays.com\/fr\/wp-json\/wp\/v2\/types\/post"}],"author":[{"embeddable":true,"href":"https:\/\/www.europesays.com\/fr\/wp-json\/wp\/v2\/users\/2"}],"replies":[{"embeddable":true,"href":"https:\/\/www.europesays.com\/fr\/wp-json\/wp\/v2\/comments?post=261158"}],"version-history":[{"count":0,"href":"https:\/\/www.europesays.com\/fr\/wp-json\/wp\/v2\/posts\/261158\/revisions"}],"wp:featuredmedia":[{"embeddable":true,"href":"https:\/\/www.europesays.com\/fr\/wp-json\/wp\/v2\/media\/261159"}],"wp:attachment":[{"href":"https:\/\/www.europesays.com\/fr\/wp-json\/wp\/v2\/media?parent=261158"}],"wp:term":[{"taxonomy":"category","embeddable":true,"href":"https:\/\/www.europesays.com\/fr\/wp-json\/wp\/v2\/categories?post=261158"},{"taxonomy":"post_tag","embeddable":true,"href":"https:\/\/www.europesays.com\/fr\/wp-json\/wp\/v2\/tags?post=261158"}],"curies":[{"name":"wp","href":"https:\/\/api.w.org\/{rel}","templated":true}]}}