{"id":261160,"date":"2025-07-20T13:29:25","date_gmt":"2025-07-20T13:29:25","guid":{"rendered":"https:\/\/www.europesays.com\/fr\/261160\/"},"modified":"2025-07-20T13:29:25","modified_gmt":"2025-07-20T13:29:25","slug":"les-bronzes-version-pension-de-famille-bretonne","status":"publish","type":"post","link":"https:\/\/www.europesays.com\/fr\/261160\/","title":{"rendered":"\u00ab Les Bronz\u00e9s \u00bb version pension de famille bretonne"},"content":{"rendered":"<p class=\"mb-4 text-lg md:leading-8 break-words\">On est en 1978, l&rsquo;ann\u00e9e o\u00f9 le tirage du loto est pour la premi\u00e8re fois t\u00e9l\u00e9vis\u00e9, o\u00f9 la France d\u00e9couvre\u00a0les joies du jogging et o\u00f9 Michel Lang, dans un \u00e9lan de g\u00e9nie populaire, d\u00e9cide\u00a0de filmer ce que tout vacancier fran\u00e7ais faisait d\u00e9j\u00e0 depuis des lustres\u00a0: draguer mollement en short \u00e0 carreaux, tout en surveillant sa bedaine naissante. R\u00e9sultat\u00a0: L&rsquo;H\u00f4tel de la plage, prototype absolu de la com\u00e9die \u00e0 la fran\u00e7aise, anthologie vivante de nos petitesses nationales, qu&rsquo;on peut revoir comme un documentaire truculent sur une \u00e9poque r\u00e9volue.<\/p>\n<p class=\"mb-4 text-lg md:leading-8 break-words\">Une \u00e9poque o\u00f9 les blagues sur les Belges passaient pour de l&rsquo;humour bon enfant, o\u00f9 les vacances rimaient avec farniente, partie de v\u00e9los et blagues potaches.\u00a0La France popu en vacances, celle des adult\u00e8res d&rsquo;\u00e9t\u00e9 sans cons\u00e9quence, o\u00f9 les enfants braillent et se harc\u00e8lent, o\u00f9 les ados\u00a0badinent avec les adultes et r\u00e9ciproquement.\u00a0On change de partenaires plus souvent que de bermudas. Il faut revoir avec indulgence ce chef-d&rsquo;\u0153uvre de la franchouillardise assum\u00e9e.<\/p>\n<p>Dans l&rsquo;ombre des \u00ab\u00a0Bronz\u00e9s\u00a0\u00bb, la r\u00e9volution du Splendid<\/p>\n<p class=\"mb-4 text-lg md:leading-8 break-words\">Parlons cash\u00a0: face aux Bronz\u00e9s (qui sortent la m\u00eame ann\u00e9e, mais onze mois plus tard), L&rsquo;H\u00f4tel de la plage fait figure de cousin de province. L\u00e0 o\u00f9 Patrice Leconte filme des bourgeois parisiens s&rsquo;encanaillant\u00a0au Club Med ivoirien, Michel Lang pr\u00e9f\u00e8re observer la petite bourgeoisie dans son habitat naturel\u00a0: l&rsquo;h\u00f4tel familial breton o\u00f9 l&rsquo;on revient chaque \u00e9t\u00e9 depuis 1962.<\/p>\n<p class=\"mb-4 text-lg md:leading-8 break-words\">\u00c0 LIRE AUSSI <strong class=\"strong\"><a href=\"https:\/\/www.lepoint.fr\/pop-culture\/cinema-francais-retour-sur-les-annees-1980--13-10-2024-2572612_2920.php\" rel=\"nofollow noopener\" target=\"_blank\" data-ylk=\"slk:Carton plein du cin\u00e9ma fran\u00e7ais des\u00a0a [...];elm:context_link;itc:0;sec:content-canvas\" class=\"link \">Carton plein du cin\u00e9ma fran\u00e7ais des\u00a0a [&#8230;] <\/a><a href=\"https:\/\/www.lepoint.fr\/pop-culture\/l-hotel-de-la-plage-les-bronzes-version-pension-de-famille-bretonne-20-07-2025-2594737_2920.php\" rel=\"nofollow noopener\" target=\"_blank\" data-ylk=\"slk:Lire la suite;elm:context_link;itc:0;sec:content-canvas\" class=\"link \">Lire la suite<\/a><\/strong><\/p>\n","protected":false},"excerpt":{"rendered":"On est en 1978, l&rsquo;ann\u00e9e o\u00f9 le tirage du loto est pour la premi\u00e8re fois t\u00e9l\u00e9vis\u00e9, o\u00f9 la&hellip;\n","protected":false},"author":2,"featured_media":261161,"comment_status":"","ping_status":"","sticky":false,"template":"","format":"standard","meta":{"footnotes":""},"categories":[1354],"tags":[40099,8900,58,59,1346,1011,27,40098,40100,40101,1360],"class_list":{"0":"post-261160","1":"post","2":"type-post","3":"status-publish","4":"format-standard","5":"has-post-thumbnail","7":"category-films","8":"tag-blagues-sur-les-belges","9":"tag-cinema-francais","10":"tag-divertissement","11":"tag-entertainment","12":"tag-films","13":"tag-fr","14":"tag-france","15":"tag-lhotel-de-la-plage","16":"tag-la-comedie-a-la-francaise","17":"tag-michel-lang","18":"tag-movies"},"share_on_mastodon":{"url":"https:\/\/pubeurope.com\/@fr\/114885805008130469","error":""},"_links":{"self":[{"href":"https:\/\/www.europesays.com\/fr\/wp-json\/wp\/v2\/posts\/261160","targetHints":{"allow":["GET"]}}],"collection":[{"href":"https:\/\/www.europesays.com\/fr\/wp-json\/wp\/v2\/posts"}],"about":[{"href":"https:\/\/www.europesays.com\/fr\/wp-json\/wp\/v2\/types\/post"}],"author":[{"embeddable":true,"href":"https:\/\/www.europesays.com\/fr\/wp-json\/wp\/v2\/users\/2"}],"replies":[{"embeddable":true,"href":"https:\/\/www.europesays.com\/fr\/wp-json\/wp\/v2\/comments?post=261160"}],"version-history":[{"count":0,"href":"https:\/\/www.europesays.com\/fr\/wp-json\/wp\/v2\/posts\/261160\/revisions"}],"wp:featuredmedia":[{"embeddable":true,"href":"https:\/\/www.europesays.com\/fr\/wp-json\/wp\/v2\/media\/261161"}],"wp:attachment":[{"href":"https:\/\/www.europesays.com\/fr\/wp-json\/wp\/v2\/media?parent=261160"}],"wp:term":[{"taxonomy":"category","embeddable":true,"href":"https:\/\/www.europesays.com\/fr\/wp-json\/wp\/v2\/categories?post=261160"},{"taxonomy":"post_tag","embeddable":true,"href":"https:\/\/www.europesays.com\/fr\/wp-json\/wp\/v2\/tags?post=261160"}],"curies":[{"name":"wp","href":"https:\/\/api.w.org\/{rel}","templated":true}]}}